{"id":30896,"date":"2021-09-22T15:41:34","date_gmt":"2021-09-22T15:41:34","guid":{"rendered":"http:\/\/vocesver.com\/noticias\/?p=30896"},"modified":"2021-09-22T15:41:36","modified_gmt":"2021-09-22T15:41:36","slug":"preside-magistrada-presidenta-segunda-sesion-ordinaria-del-organo-de-gobierno-del-cejav","status":"publish","type":"post","link":"http:\/\/vocesver.com\/noticias\/preside-magistrada-presidenta-segunda-sesion-ordinaria-del-organo-de-gobierno-del-cejav\/","title":{"rendered":"Preside Magistrada Presidenta Segunda Sesi\u00f3n Ordinaria del \u00d3rgano de Gobierno del CEJAV"},"content":{"rendered":"\n<p><br><br><br><br>REDACCI\u00d3N\/vOCESVER.COM\/NOTICIAS<br><br><br>Xalapa, Ver., martes 21 de septiembre de 2021.- La Magistrada Isabel In\u00e9s Romero Cruz, Presidenta del Tribunal Superior de Justicia y del Consejo de la Judicatura, presidi\u00f3 la Segunda Sesi\u00f3n Ordinaria del \u00d3rgano de Gobierno del Centro Estatal de Justicia Alternativa de Veracruz (CEJAV).<br><br>En ausencia del Gobernador de Veracruz, Ingeniero Cuitl\u00e1huac Garc\u00eda Jim\u00e9nez, Presidente de este ente colegiado, la Titular del Poder Judicial del Estado encabez\u00f3 este acto.<br><br>En este marco, la Magistrada Presidenta Isabel In\u00e9s Romero Cruz, vicepresidenta de este \u00d3rgano de Gobierno, tom\u00f3 protesta como integrante a Dorheny Garc\u00eda Cayetano, Secretaria de Trabajo, Previsi\u00f3n Social y Productividad.<br><br>En ese sentido, el Director del Centro de Justicia Alternativa de Veracruz, Fernando Valerio Guti\u00e9rrez, present\u00f3 un informe pormenorizado de los resultados obtenidos durante el ejercicio 2020 de la Contralor\u00eda Interna, as\u00ed como el Programa General <br>de Trabajo para el ejercicio 2021 en esa materia.<br><br>La mencionada reuni\u00f3n se celebr\u00f3 con fundamento en lo establecido por los art\u00edculos 38, 40 fracci\u00f3n III y 43 fracci\u00f3n I de la Ley de Medios Alternativos para la Soluci\u00f3n de Conflictos del Estado de Veracruz de Ignacio de la Llave.<br><br>Cabe resaltar que, el CEJAV, es un Organismo P\u00fablico Descentralizado (OPD), del Poder Judicial del Estado de Veracruz, cuya m\u00e1xima autoridad es el \u00d3rgano de Gobierno, esto con base en el art\u00edculo 2 y 160 de la Ley Org\u00e1nica.<br><br>Asimismo, se aprob\u00f3 la creaci\u00f3n de la Unidad Regional de Medell\u00edn del Centro Estatal de Justicia Alternativa de Veracruz y fueron expuestos a detalle, aspectos fundamentales del Programa Anual administrativo y de operaciones del CEJAV.<br><br>De esta manera, bajo el liderazgo de la Magistrada Presidenta Isabel In\u00e9s Romero Cruz, el Poder Judicial del Estado de Veracruz refrenda su compromiso con los ciudadanos de brindar una eficaz, eficiente y correcta impartici\u00f3n de justicia, bajo estrictos lineamientos de austeridad, ahorro y disciplina financiera.<br><br>Presentes en esta ceremonia, la Magistrada Ailette Garc\u00eda Cayetano, Presidenta de la Tercera Sala del Tribunal Superior de Justicia; Federico Osorio Landa, representante de Mercedes Santoyo Dom\u00ednguez, Contralora General del Estado; Jos\u00e9 Pale Garc\u00eda, Director General Jur\u00eddico de la Secretar\u00eda de Gobierno; Jos\u00e9 Manuel Pozo del \u00c1ngel, Subsecretario de Planeaci\u00f3n de la Secretar\u00eda de Finanzas y Carlos Ernesto Cervantes V\u00e1zquez, Contralor Interno del CEJAV.<br><br><br><br><br><br><br><br><br><br><br><br><br><br><br><br><br><br><br><br><br><br><br><\/p>\n","protected":false},"excerpt":{"rendered":"<p>REDACCI\u00d3N\/vOCESVER.COM\/NOTICIAS Xalapa, Ver., martes 21 de septiembre de 2021.- La Magistrada Isabel In\u00e9s Romero Cruz, Presidenta del Tribunal Superior de<\/p>\n","protected":false},"author":2,"featured_media":30933,"comment_status":"open","ping_status":"open","sticky":false,"template":"","format":"standard","meta":{"colormag_page_container_layout":"default_layout","colormag_page_sidebar_layout":"default_layout","footnotes":""},"categories":[2,1],"tags":[],"class_list":["post-30896","post","type-post","status-publish","format-standard","has-post-thumbnail","hentry","category-infogral","category-sin-categoria"],"_links":{"self":[{"href":"http:\/\/vocesver.com\/noticias\/wp-json\/wp\/v2\/posts\/30896","targetHints":{"allow":["GET"]}}],"collection":[{"href":"http:\/\/vocesver.com\/noticias\/wp-json\/wp\/v2\/posts"}],"about":[{"href":"http:\/\/vocesver.com\/noticias\/wp-json\/wp\/v2\/types\/post"}],"author":[{"embeddable":true,"href":"http:\/\/vocesver.com\/noticias\/wp-json\/wp\/v2\/users\/2"}],"replies":[{"embeddable":true,"href":"http:\/\/vocesver.com\/noticias\/wp-json\/wp\/v2\/comments?post=30896"}],"version-history":[{"count":2,"href":"http:\/\/vocesver.com\/noticias\/wp-json\/wp\/v2\/posts\/30896\/revisions"}],"predecessor-version":[{"id":30934,"href":"http:\/\/vocesver.com\/noticias\/wp-json\/wp\/v2\/posts\/30896\/revisions\/30934"}],"wp:featuredmedia":[{"embeddable":true,"href":"http:\/\/vocesver.com\/noticias\/wp-json\/wp\/v2\/media\/30933"}],"wp:attachment":[{"href":"http:\/\/vocesver.com\/noticias\/wp-json\/wp\/v2\/media?parent=30896"}],"wp:term":[{"taxonomy":"category","embeddable":true,"href":"http:\/\/vocesver.com\/noticias\/wp-json\/wp\/v2\/categories?post=30896"},{"taxonomy":"post_tag","embeddable":true,"href":"http:\/\/vocesver.com\/noticias\/wp-json\/wp\/v2\/tags?post=30896"}],"curies":[{"name":"wp","href":"https:\/\/api.w.org\/{rel}","templated":true}]}}