{"id":30857,"date":"2021-09-14T16:09:33","date_gmt":"2021-09-14T16:09:33","guid":{"rendered":"http:\/\/vocesver.com\/noticias\/?p=30857"},"modified":"2021-09-14T16:10:55","modified_gmt":"2021-09-14T16:10:55","slug":"en-cateo-fgr-asegura-mas-de-72-kilos-de-cocaina-en-panuco","status":"publish","type":"post","link":"http:\/\/vocesver.com\/noticias\/en-cateo-fgr-asegura-mas-de-72-kilos-de-cocaina-en-panuco\/","title":{"rendered":"EN CATEO FGR ASEGURA M\u00c1S DE 72 KILOS DE COCA\u00cdNA EN P\u00c1NUCO"},"content":{"rendered":"<p>REDACCI\u00d3N\/VOCESVR.COM\/NOTICIAS<\/p>\n<p>P\u00c1NUCO.- La Fiscal\u00eda General de la Rep\u00fablica (FGR) en su Delegaci\u00f3n Estatal de Veracruz, a trav\u00e9s de la Polic\u00eda Federal Ministerial (PFM), cumpliment\u00f3 una orden de cateo, emitida por el Juez de Distrito Especializado en el Sistema Penal Acusatorio, en la que se aseguraron m\u00e1s de 72 kilos de clorhidrato de coca\u00edna y tres veh\u00edculos.<\/p>\n<p>De acuerdo a la carpeta de investigaci\u00f3n, el pasado cuatro de septiembre elementos del Ej\u00e9rcito Mexicano adscritos a la 19\u00aa. Zona Militar recibieron una denuncia sobre la existencia de droga en un inmueble.<\/p>\n<p>Por lo anterior, el Ministerio P\u00fablico Federal (MPF) solicit\u00f3 y realiz\u00f3 la diligencia en coordinaci\u00f3n con efectivos de la Polic\u00eda Federal Ministerial y Peritos oficiales, as\u00ed como de personal del Ej\u00e9rcito Mexicano para seguridad perimetral, en el camino de terracer\u00eda rumbo a Chacas, entre la localidad El Ojital y Salvasuchil, del Municipio de P\u00e1nuco.<\/p>\n<p>En el lugar cateado se logr\u00f3 el aseguramiento de 71 paquetes en forma rectangular, que conten\u00edan polvo blanco con las caracter\u00edsticas propias de la coca\u00edna, mismos que arrojaron un peso de 72 kilos 542 gramos y tres camionetas.<\/p>\n<p>El narc\u00f3tico y el lugar fueron asegurados y quedaron a disposici\u00f3n del Fiscal Federal, quien contin\u00faa con la carpeta de investigaci\u00f3n por la probable comisi\u00f3n del delito contra la salud, en contra de quien o quienes resulten responsables.<\/p>\n","protected":false},"excerpt":{"rendered":"<p>REDACCI\u00d3N\/VOCESVR.COM\/NOTICIAS P\u00c1NUCO.- La Fiscal\u00eda General de la Rep\u00fablica (FGR) en su Delegaci\u00f3n Estatal de Veracruz, a trav\u00e9s de la Polic\u00eda<\/p>\n","protected":false},"author":2,"featured_media":30859,"comment_status":"open","ping_status":"open","sticky":false,"template":"","format":"standard","meta":{"colormag_page_container_layout":"default_layout","colormag_page_sidebar_layout":"default_layout","footnotes":""},"categories":[4],"tags":[],"class_list":["post-30857","post","type-post","status-publish","format-standard","has-post-thumbnail","hentry","category-estatal"],"_links":{"self":[{"href":"http:\/\/vocesver.com\/noticias\/wp-json\/wp\/v2\/posts\/30857","targetHints":{"allow":["GET"]}}],"collection":[{"href":"http:\/\/vocesver.com\/noticias\/wp-json\/wp\/v2\/posts"}],"about":[{"href":"http:\/\/vocesver.com\/noticias\/wp-json\/wp\/v2\/types\/post"}],"author":[{"embeddable":true,"href":"http:\/\/vocesver.com\/noticias\/wp-json\/wp\/v2\/users\/2"}],"replies":[{"embeddable":true,"href":"http:\/\/vocesver.com\/noticias\/wp-json\/wp\/v2\/comments?post=30857"}],"version-history":[{"count":1,"href":"http:\/\/vocesver.com\/noticias\/wp-json\/wp\/v2\/posts\/30857\/revisions"}],"predecessor-version":[{"id":30858,"href":"http:\/\/vocesver.com\/noticias\/wp-json\/wp\/v2\/posts\/30857\/revisions\/30858"}],"wp:featuredmedia":[{"embeddable":true,"href":"http:\/\/vocesver.com\/noticias\/wp-json\/wp\/v2\/media\/30859"}],"wp:attachment":[{"href":"http:\/\/vocesver.com\/noticias\/wp-json\/wp\/v2\/media?parent=30857"}],"wp:term":[{"taxonomy":"category","embeddable":true,"href":"http:\/\/vocesver.com\/noticias\/wp-json\/wp\/v2\/categories?post=30857"},{"taxonomy":"post_tag","embeddable":true,"href":"http:\/\/vocesver.com\/noticias\/wp-json\/wp\/v2\/tags?post=30857"}],"curies":[{"name":"wp","href":"https:\/\/api.w.org\/{rel}","templated":true}]}}