{"id":30854,"date":"2021-09-14T15:59:42","date_gmt":"2021-09-14T15:59:42","guid":{"rendered":"http:\/\/vocesver.com\/noticias\/?p=30854"},"modified":"2021-09-14T16:02:50","modified_gmt":"2021-09-14T16:02:50","slug":"paridad-de-genero-no-debe-estar-en-discusion-morena-pretende-enrarecer-orden-legal-a-su-favor-prd","status":"publish","type":"post","link":"http:\/\/vocesver.com\/noticias\/paridad-de-genero-no-debe-estar-en-discusion-morena-pretende-enrarecer-orden-legal-a-su-favor-prd\/","title":{"rendered":"Paridad de g\u00e9nero no debe estar en discusi\u00f3n; Morena pretende enrarecer orden legal a su favor: PRD*"},"content":{"rendered":"<p>-Integraci\u00f3n de la pr\u00f3xima legislatura debe apegarse a Derecho y votos obtenidos<\/p>\n<p>-A Morena ya se le hizo costumbre hacer con las leyes lo que les plazca.<\/p>\n<p>REDACCI\u00d3N\/VOOCESVER.COM\/NOTICIAS<\/p>\n<p>Xalapa, Ver., a 14 de septiembre de 2021.- Uno de los principales ordenamientos jur\u00eddicos que han acaparado el quehacer de la agenda p\u00fablica en las \u00faltimas d\u00e9cadas, ha sido el establecimiento de leyes y normas en materia pol\u00edtico-electoral a favor de la paridad de g\u00e9nero, como parte de la representaci\u00f3n legislativa en la C\u00e1mara de Diputados, tanto federal como estatales.<\/p>\n<p>El tema no es para nada menor. Su trascendencia estriba en proveer de reglamentaciones necesarias que permitan garantizar la integraci\u00f3n de las mujeres y su participaci\u00f3n, como eje determinante de la legislaci\u00f3n local.<\/p>\n<p>Por ello, causa extra\u00f1eza que despu\u00e9s de la jornada electoral del presente a\u00f1o, habiendo computado el cien por ciento de los sufragios y, por ende, arrojado los resultados que dar\u00e1n forma a la nueva Legislatura local; ahora, el partido en el poder pretenda incrustar, s\u00ed o s\u00ed y con autoritaria alevos\u00eda, a un diputado de representaci\u00f3n proporcional, cuando el ordenamiento en cuesti\u00f3n establece claramente la necesidad de mantener la paridad de g\u00e9nero, lo cual marginar\u00eda a \u00e9ste de ocupar una curul.<\/p>\n<p>Al respecto, la Direcci\u00f3n Estatal Ejecutiva del Partido de la Revoluci\u00f3n Democr\u00e1tica, tiene el firme compromiso de vigilar que se cumpla a cabalidad no solo con la paridad de g\u00e9nero en la integraci\u00f3n de la pr\u00f3xima legislatura en Veracruz, sino tambi\u00e9n exigiendo al Organismo P\u00fablico Local Electoral del Estado que honre su labor como \u00e1rbitro electoral con funciones administrativas, sin ceder a las presiones del Gobierno estatal para modificar las reglas establecidas en esta materia.<\/p>\n<p>De esta manera, manifestamos a la opini\u00f3n p\u00fablica, partidos pol\u00edticos e instituciones que, a trav\u00e9s de nuestras representaciones, esteramos vigilantes de que la asignaci\u00f3n de diputaciones se realice de manera correcta, mediante un proceso de asignaci\u00f3n transparente y apegado a Derecho, por lo cual, no permitiremos que el Gobierno del Estado o el partido en el poder, deformen una vez m\u00e1s la ley para favorecerse.<\/p>\n<p>Veracruz debe ser ejemplo en materia de igualdad. Por esta raz\u00f3n, es impermisible que la igualdad se interprete como un \u201ccastigo\u201d hacia alg\u00fan partido pol\u00edtico a un personaje en particular, como lo quieren hacer ver.<\/p>\n<p>Los partidos pol\u00edticos debemos compartir el objetivo de responder a la ciudadan\u00eda con acciones apegadas a Derecho y respetando la democracia, no \u201cpeleando\u201d por puestos en cualquier orden, y esto incluye, desde luego, la responsabilidad que los \u00f3rganos electorales tienen para recuperar la confianza perdida de la ciudadan\u00eda.<\/p>\n<p>Reiteramos: el PRD recurrir\u00e1 a todas las instancias necesarias para que se garantice la paridad de g\u00e9nero en la integraci\u00f3n de la pr\u00f3xima Legislatura. Estaremos vigilantes y reiteramos nuestro absoluto respaldo a la mujer, as\u00ed como a su necesaria representaci\u00f3n legislativa.<\/p>\n<p>Ya fue suficiente de torcer leyes para favorecer intereses particulares, de venganza pol\u00edtica y ahora, hasta para meter a la fuerza a diputados que no contaron con los votos necesarios para ocupar una diputaci\u00f3n por la v\u00eda plurinominal.<\/p>\n<p>La paridad de g\u00e9nero no debe estar en discusi\u00f3n.<\/p>\n<p>&#8212;<\/p>\n","protected":false},"excerpt":{"rendered":"<p>-Integraci\u00f3n de la pr\u00f3xima legislatura debe apegarse a Derecho y votos obtenidos -A Morena ya se le hizo costumbre hacer<\/p>\n","protected":false},"author":2,"featured_media":30856,"comment_status":"open","ping_status":"open","sticky":false,"template":"","format":"standard","meta":{"colormag_page_container_layout":"default_layout","colormag_page_sidebar_layout":"default_layout","footnotes":""},"categories":[2],"tags":[],"class_list":["post-30854","post","type-post","status-publish","format-standard","has-post-thumbnail","hentry","category-infogral"],"_links":{"self":[{"href":"http:\/\/vocesver.com\/noticias\/wp-json\/wp\/v2\/posts\/30854","targetHints":{"allow":["GET"]}}],"collection":[{"href":"http:\/\/vocesver.com\/noticias\/wp-json\/wp\/v2\/posts"}],"about":[{"href":"http:\/\/vocesver.com\/noticias\/wp-json\/wp\/v2\/types\/post"}],"author":[{"embeddable":true,"href":"http:\/\/vocesver.com\/noticias\/wp-json\/wp\/v2\/users\/2"}],"replies":[{"embeddable":true,"href":"http:\/\/vocesver.com\/noticias\/wp-json\/wp\/v2\/comments?post=30854"}],"version-history":[{"count":1,"href":"http:\/\/vocesver.com\/noticias\/wp-json\/wp\/v2\/posts\/30854\/revisions"}],"predecessor-version":[{"id":30855,"href":"http:\/\/vocesver.com\/noticias\/wp-json\/wp\/v2\/posts\/30854\/revisions\/30855"}],"wp:featuredmedia":[{"embeddable":true,"href":"http:\/\/vocesver.com\/noticias\/wp-json\/wp\/v2\/media\/30856"}],"wp:attachment":[{"href":"http:\/\/vocesver.com\/noticias\/wp-json\/wp\/v2\/media?parent=30854"}],"wp:term":[{"taxonomy":"category","embeddable":true,"href":"http:\/\/vocesver.com\/noticias\/wp-json\/wp\/v2\/categories?post=30854"},{"taxonomy":"post_tag","embeddable":true,"href":"http:\/\/vocesver.com\/noticias\/wp-json\/wp\/v2\/tags?post=30854"}],"curies":[{"name":"wp","href":"https:\/\/api.w.org\/{rel}","templated":true}]}}