{"id":30842,"date":"2021-09-13T19:08:01","date_gmt":"2021-09-13T19:08:01","guid":{"rendered":"http:\/\/vocesver.com\/noticias\/?p=30842"},"modified":"2021-09-13T19:09:50","modified_gmt":"2021-09-13T19:09:50","slug":"vive-el-octavo-festival-de-tunas-femeniles-xalapa-se-viste-de-tunas-y-estudiantinas-en-septiembre","status":"publish","type":"post","link":"http:\/\/vocesver.com\/noticias\/vive-el-octavo-festival-de-tunas-femeniles-xalapa-se-viste-de-tunas-y-estudiantinas-en-septiembre\/","title":{"rendered":"Vive el Octavo Festival de Tunas Femeniles Xalapa se viste de Tunas y Estudiantinas en septiembre."},"content":{"rendered":"<p>REDACCI\u00d3N\/VOCESVER.COM\/NOTICIAS<\/p>\n<p>XALAPA.VER.-Como ya es tradici\u00f3n, Xalapa se viste de colores con la visita de Tunas y Estudiantinas en el mes de septiembre, durante la celebraci\u00f3n del Festival de Tunas Femeniles, ciudad de las flores, las musas y los callejones.<br \/>\nGracias al apoyo del Gobierno del Estado, a trav\u00e9s de su Direcci\u00f3n de Turismo y Cultura, as\u00ed como del Ayuntamiento de Xalapa, a trav\u00e9s de su Subdirecci\u00f3n de Cultura, la Tuna Femenil de la Universidad Veracruzana realiza la octava edici\u00f3n de este festival, pero ahora de forma presencial y semi presencial, debido a la situaci\u00f3n que impera en nuestro pa\u00eds y en el resto del mundo.<br \/>\nSer\u00e1n los d\u00edas 17 y 18 de septiembre cuando arriben a Xalapa tres agrupaciones procedentes de Ciudad de M\u00e9xico, Estado de M\u00e9xico y San Luis Potos\u00ed, quienes han sido informadas con antelaci\u00f3n para prepararse y reservarse previo a su llega a la capital del Estado. Dichos grupos son conformados por mujeres y uno de varones.<br \/>\nEntre las participantes que nos visitar\u00e1n se encuentra la Tuna Femenil Azul y Oro de la UNAM, orgullosas de ser la Tuna Femenil m\u00e1s antigua de Latinoam\u00e9rica, con 52 a\u00f1os de trayectoria ininterrumpida. Tambi\u00e9n se contar\u00e1 con la presencia de la Tuna Femenil Universitaria Potosina, la Tuna Virreynal de Cuatitl\u00e1n, y el grupo anfitri\u00f3n: la Tuna Femenil de la Universidad Veracruzana.<br \/>\nEl primer d\u00eda de actividades, el viernes 17 de septiembre, transcurrir\u00e1 de manera semi presencial, es decir, a puerta cerrada al p\u00fablico; los artistas se concentrar\u00e1n en el auditorio del Teatro J.J. Herrera, lugar donde se realizar\u00e1 un conversatorio a las 18 horas para finalizar con un concierto a las 19 horas, el cual ser\u00e1 transmitido de manera virtual por todas las redes sociales de la Tuna Femenil UV.<br \/>\nPara el segundo d\u00eda, las actividades ser\u00e1n presenciales y contemplan una callejoneada a las 18 horas, misma que se realizar\u00e1 bajo un estricto control en la asistencia de p\u00fablico; el recorrido partir\u00e1 de la Biblioteca Carlos Fuentes con rumbo al Paseo de los Lagos, para finalizar con un concierto en la explanada de Los Lagos, a la altura de las escalinatas, a las 19 horas.<br \/>\nLa cartelera se encuentra disponible en la p\u00e1gina en Facebook FESTIVAL DE TUNAS FEMENILES. Al p\u00fablico asistente se le invita a disfrutar de las actividades presenciales con cubre bocas, as\u00ed como a seguir las transmisiones virtuales desde casa.<\/p>\n<p>&#8212;<\/p>\n","protected":false},"excerpt":{"rendered":"<p>REDACCI\u00d3N\/VOCESVER.COM\/NOTICIAS XALAPA.VER.-Como ya es tradici\u00f3n, Xalapa se viste de colores con la visita de Tunas y Estudiantinas en el mes<\/p>\n","protected":false},"author":2,"featured_media":30845,"comment_status":"open","ping_status":"open","sticky":false,"template":"","format":"standard","meta":{"colormag_page_container_layout":"default_layout","colormag_page_sidebar_layout":"default_layout","footnotes":""},"categories":[2],"tags":[],"class_list":["post-30842","post","type-post","status-publish","format-standard","has-post-thumbnail","hentry","category-infogral"],"_links":{"self":[{"href":"http:\/\/vocesver.com\/noticias\/wp-json\/wp\/v2\/posts\/30842","targetHints":{"allow":["GET"]}}],"collection":[{"href":"http:\/\/vocesver.com\/noticias\/wp-json\/wp\/v2\/posts"}],"about":[{"href":"http:\/\/vocesver.com\/noticias\/wp-json\/wp\/v2\/types\/post"}],"author":[{"embeddable":true,"href":"http:\/\/vocesver.com\/noticias\/wp-json\/wp\/v2\/users\/2"}],"replies":[{"embeddable":true,"href":"http:\/\/vocesver.com\/noticias\/wp-json\/wp\/v2\/comments?post=30842"}],"version-history":[{"count":3,"href":"http:\/\/vocesver.com\/noticias\/wp-json\/wp\/v2\/posts\/30842\/revisions"}],"predecessor-version":[{"id":30846,"href":"http:\/\/vocesver.com\/noticias\/wp-json\/wp\/v2\/posts\/30842\/revisions\/30846"}],"wp:featuredmedia":[{"embeddable":true,"href":"http:\/\/vocesver.com\/noticias\/wp-json\/wp\/v2\/media\/30845"}],"wp:attachment":[{"href":"http:\/\/vocesver.com\/noticias\/wp-json\/wp\/v2\/media?parent=30842"}],"wp:term":[{"taxonomy":"category","embeddable":true,"href":"http:\/\/vocesver.com\/noticias\/wp-json\/wp\/v2\/categories?post=30842"},{"taxonomy":"post_tag","embeddable":true,"href":"http:\/\/vocesver.com\/noticias\/wp-json\/wp\/v2\/tags?post=30842"}],"curies":[{"name":"wp","href":"https:\/\/api.w.org\/{rel}","templated":true}]}}