{"id":30839,"date":"2021-09-13T19:05:35","date_gmt":"2021-09-13T19:05:35","guid":{"rendered":"http:\/\/vocesver.com\/noticias\/?p=30839"},"modified":"2021-09-13T19:05:41","modified_gmt":"2021-09-13T19:05:41","slug":"estado-de-emergencia-en-japon-se-prolonga-por-brotes-de-covid-19","status":"publish","type":"post","link":"http:\/\/vocesver.com\/noticias\/estado-de-emergencia-en-japon-se-prolonga-por-brotes-de-covid-19\/","title":{"rendered":"Estado de emergencia en Jap\u00f3n se prolonga por brotes de COVID-19."},"content":{"rendered":"<p>La capital japonesa inform\u00f3 que ante los contagios, seguir\u00e1n las medidas estrictas antipandemia. FOTO: Reuters<\/p>\n<p>REDACCI\u00d3N\/VOCESVER.COM\/NOTICIAS<\/p>\n<p>INTERNACIONAL.- A 13 DE SEPTIEMBRE 2021.- DE ACUERDO CON INFORMACI\u00d3N DE UNOTV.COM&#8230;De nueva cuenta, Jap\u00f3n entra en incertidumbre tras declararse un prolongamiento en el estado de emergencia debido a nuevos brotes de COVID-19 en varias de sus prefecturas.<br \/>\nEl estado de emergencia por coronavirus en Jap\u00f3n se ha prolongado en varias partes del pa\u00eds, incluyendo Tokio y Osaka, hasta el 30 de septiembre, inform\u00f3 el gobierno del archipi\u00e9lago.<\/p>\n<p>La pr\u00f3rroga comienza hoy lunes, en 19 de las 47 prefecturas japonesas. En las prefecturas de Miyagi y Okayama se levant\u00f3 el estado de emergencia, pero ahora se encuentran vigentes medidas intensivas contra los contagios, al igual que en otras seis prefecturas. Estas tambi\u00e9n se seguir\u00e1n implementando hasta fin de mes.<\/p>\n<p>El gobierno inform\u00f3 que tiene previsto brindar apoyo al sistema m\u00e9dico a trav\u00e9s de medidas como garantizar una mayor disponibilidad de camas de hospital para pacientes con coronavirus. Adem\u00e1s, planea abrir m\u00e1s lugares donde las personas con COVID-19 puedan recibir tratamiento, incluyendo la administraci\u00f3n de ox\u00edgeno.<br \/>\nJap\u00f3n pide a sus ciudadanos no viajar por brotes de COVID-19<br \/>\nEl Gobierno inst\u00f3 adem\u00e1s a la ciudadan\u00eda a abstenerse de viajar a otras prefecturas, en anticipaci\u00f3n a dos d\u00edas festivos la pr\u00f3xima semana.<\/p>\n<p>El ministro a cargo de la revitalizaci\u00f3n econ\u00f3mica y de la respuesta al coronavirus, Nishimura Yasutoshi, se\u00f1al\u00f3 que las cifras diarias de nuevos contagios descendieron, pero la cantidad de pacientes con s\u00edntomas graves permanece por encima de los 2 mil, lo que contin\u00faa ejerciendo una presi\u00f3n significativa sobre el sistema m\u00e9dico, seg\u00fan sus estimaciones a NHK.<\/p>\n<p>Nishimura agreg\u00f3 que m\u00e1s del 50% de la poblaci\u00f3n de Jap\u00f3n ha recibido dos dosis de una vacuna contra la COVID-19.<\/p>\n<p>El Gobierno central planea seguir avanzando con la campa\u00f1a de inoculaci\u00f3n y mantener las medidas contra contagios en cooperaci\u00f3n con los Gobiernos locales, para poder levantar el estado de emergencia a fin de mes, como se planea.<\/p>\n","protected":false},"excerpt":{"rendered":"<p>La capital japonesa inform\u00f3 que ante los contagios, seguir\u00e1n las medidas estrictas antipandemia. FOTO: Reuters REDACCI\u00d3N\/VOCESVER.COM\/NOTICIAS INTERNACIONAL.- A 13 DE<\/p>\n","protected":false},"author":2,"featured_media":30840,"comment_status":"open","ping_status":"open","sticky":false,"template":"","format":"standard","meta":{"colormag_page_container_layout":"default_layout","colormag_page_sidebar_layout":"default_layout","footnotes":""},"categories":[6],"tags":[],"class_list":["post-30839","post","type-post","status-publish","format-standard","has-post-thumbnail","hentry","category-internacional"],"_links":{"self":[{"href":"http:\/\/vocesver.com\/noticias\/wp-json\/wp\/v2\/posts\/30839","targetHints":{"allow":["GET"]}}],"collection":[{"href":"http:\/\/vocesver.com\/noticias\/wp-json\/wp\/v2\/posts"}],"about":[{"href":"http:\/\/vocesver.com\/noticias\/wp-json\/wp\/v2\/types\/post"}],"author":[{"embeddable":true,"href":"http:\/\/vocesver.com\/noticias\/wp-json\/wp\/v2\/users\/2"}],"replies":[{"embeddable":true,"href":"http:\/\/vocesver.com\/noticias\/wp-json\/wp\/v2\/comments?post=30839"}],"version-history":[{"count":1,"href":"http:\/\/vocesver.com\/noticias\/wp-json\/wp\/v2\/posts\/30839\/revisions"}],"predecessor-version":[{"id":30841,"href":"http:\/\/vocesver.com\/noticias\/wp-json\/wp\/v2\/posts\/30839\/revisions\/30841"}],"wp:featuredmedia":[{"embeddable":true,"href":"http:\/\/vocesver.com\/noticias\/wp-json\/wp\/v2\/media\/30840"}],"wp:attachment":[{"href":"http:\/\/vocesver.com\/noticias\/wp-json\/wp\/v2\/media?parent=30839"}],"wp:term":[{"taxonomy":"category","embeddable":true,"href":"http:\/\/vocesver.com\/noticias\/wp-json\/wp\/v2\/categories?post=30839"},{"taxonomy":"post_tag","embeddable":true,"href":"http:\/\/vocesver.com\/noticias\/wp-json\/wp\/v2\/tags?post=30839"}],"curies":[{"name":"wp","href":"https:\/\/api.w.org\/{rel}","templated":true}]}}