{"id":30835,"date":"2021-09-13T18:57:57","date_gmt":"2021-09-13T18:57:57","guid":{"rendered":"http:\/\/vocesver.com\/noticias\/?p=30835"},"modified":"2021-09-13T18:58:37","modified_gmt":"2021-09-13T18:58:37","slug":"30835-2","status":"publish","type":"post","link":"http:\/\/vocesver.com\/noticias\/30835-2\/","title":{"rendered":"Desde sus casas, mexicanos podr\u00e1n participar en ceremonia del grito: AMLO."},"content":{"rendered":"<p>El presidente precis\u00f3 que los festejos se llevar\u00e1n a cabo con log\u00edsticas anticoronavirus. Foto: Cuartoscuro.<\/p>\n<p>REDACCI\u00d3N\/VOCESVER.COM\/NOTICIAS<\/p>\n<p>NACIONAL..- A 13 DE SEPTIMNRE 2021.- DE ACUIERDO CON INFORMACI\u00d3N DE UNOTV.COM&#8230;El presidente Andr\u00e9s Manuel L\u00f3pez Obrador anunci\u00f3 que como parte de las medidas antipandemia, el Grito de Independencia lo podr\u00e1 seguir la mayor\u00eda de los mexicanos \u201cdesde sus casas\u201d.<br \/>\n\u201cEse grito representa mucho. Estamos viendo c\u00f3mo lo vamos a conmemorar, c\u00f3mo se va a celebrar ese d\u00eda. Les asegur\u00f3 que en sus casas la mayor\u00eda de los mexicanos va a poder participar, va a poder advertir todo lo que se va hacer, el programa, todo completo\u201c.<\/p>\n<p>Andr\u00e9s Manuel L\u00f3pez Obrador, presidente de M\u00e9xico.<br \/>\nEn tanto hizo remembranza del hist\u00f3rico d\u00eda y de sus principales actores como el cura Miguel Hidalgo.<\/p>\n<p>\u201cVa el grito, ser\u00e1 muy importante, nos va a emocionar a todos, es una fecha hist\u00f3rica que no podemos olvidar porque es grandioso como el cura Hidalgo da ese grito de libertad, acompa\u00f1ado de un principio fundamental, de un prop\u00f3sito b\u00e1sico: la justicia. Era un cura excepcional\u201d.<\/p>\n<p>Andr\u00e9s Manuel L\u00f3pez Obrador, presidente de M\u00e9xico<br \/>\nC\u00f3mo se dar\u00e1 el festejo nacional<br \/>\nPor otra parte aunque no lo mencion\u00f3 de manera explicita, precis\u00f3 que se revisar\u00e1 el aforo para el festejo presencial, en tanto adelant\u00f3 que la Pir\u00e1mide conmemorativa por la conquista seguir\u00e1 en la plancha del Z\u00f3calo capitalino.<\/p>\n<p>Eso es lo que estamos viendo, que no podemos hacer una manifestaci\u00f3n abierta, estamos viendo qui\u00e9nes podr\u00edan estar, desde luego, se dej\u00f3 la r\u00e9plica de una pir\u00e1mide porque son al rededor de 700 a\u00f1os de fundaci\u00f3n de M\u00e9xico Tenochtitl\u00e1n. 500 a\u00f1os de la ca\u00edda y 200 de la Independencia y por eso se dejar\u00e1 la r\u00e9plica de la pir\u00e1mide, pero lo vamos a complementar con el grito de la Independencia, para conmemorar<\/p>\n<p>Andr\u00e9s Manuel L\u00f3pez Obrador, presidente de M\u00e9xico<br \/>\nEl presidente adelant\u00f3 que habr\u00e1 m\u00fasica para los que viven en el pa\u00eds y los mexicanos que residen en el extranjero. Precis\u00f3 que el d\u00eda 15 ya hay un protocolo para no tener aglomeraciones. A ello, el gobierno de la Ciudad de M\u00e9xico inform\u00f3 que habr\u00e1 restricciones comerciales.<\/p>\n<p>INF. DE UNOTV.COM<\/p>\n","protected":false},"excerpt":{"rendered":"<p>El presidente precis\u00f3 que los festejos se llevar\u00e1n a cabo con log\u00edsticas anticoronavirus. Foto: Cuartoscuro. REDACCI\u00d3N\/VOCESVER.COM\/NOTICIAS NACIONAL..- A 13 DE<\/p>\n","protected":false},"author":2,"featured_media":30836,"comment_status":"open","ping_status":"open","sticky":false,"template":"","format":"standard","meta":{"colormag_page_container_layout":"default_layout","colormag_page_sidebar_layout":"default_layout","footnotes":""},"categories":[5],"tags":[],"class_list":["post-30835","post","type-post","status-publish","format-standard","has-post-thumbnail","hentry","category-nacional"],"_links":{"self":[{"href":"http:\/\/vocesver.com\/noticias\/wp-json\/wp\/v2\/posts\/30835","targetHints":{"allow":["GET"]}}],"collection":[{"href":"http:\/\/vocesver.com\/noticias\/wp-json\/wp\/v2\/posts"}],"about":[{"href":"http:\/\/vocesver.com\/noticias\/wp-json\/wp\/v2\/types\/post"}],"author":[{"embeddable":true,"href":"http:\/\/vocesver.com\/noticias\/wp-json\/wp\/v2\/users\/2"}],"replies":[{"embeddable":true,"href":"http:\/\/vocesver.com\/noticias\/wp-json\/wp\/v2\/comments?post=30835"}],"version-history":[{"count":2,"href":"http:\/\/vocesver.com\/noticias\/wp-json\/wp\/v2\/posts\/30835\/revisions"}],"predecessor-version":[{"id":30838,"href":"http:\/\/vocesver.com\/noticias\/wp-json\/wp\/v2\/posts\/30835\/revisions\/30838"}],"wp:featuredmedia":[{"embeddable":true,"href":"http:\/\/vocesver.com\/noticias\/wp-json\/wp\/v2\/media\/30836"}],"wp:attachment":[{"href":"http:\/\/vocesver.com\/noticias\/wp-json\/wp\/v2\/media?parent=30835"}],"wp:term":[{"taxonomy":"category","embeddable":true,"href":"http:\/\/vocesver.com\/noticias\/wp-json\/wp\/v2\/categories?post=30835"},{"taxonomy":"post_tag","embeddable":true,"href":"http:\/\/vocesver.com\/noticias\/wp-json\/wp\/v2\/tags?post=30835"}],"curies":[{"name":"wp","href":"https:\/\/api.w.org\/{rel}","templated":true}]}}