{"id":30832,"date":"2021-09-13T18:43:54","date_gmt":"2021-09-13T18:43:54","guid":{"rendered":"http:\/\/vocesver.com\/noticias\/?p=30832"},"modified":"2021-09-13T18:45:29","modified_gmt":"2021-09-13T18:45:29","slug":"edificios-del-pjev-sin-danos-estructurales-tras-sismo","status":"publish","type":"post","link":"http:\/\/vocesver.com\/noticias\/edificios-del-pjev-sin-danos-estructurales-tras-sismo\/","title":{"rendered":"Edificios del PJEV sin da\u00f1os estructurales tras sismo."},"content":{"rendered":"<p>REDACCI\u00d3N\/VOCESVER.COM\/NOTICIAS<\/p>\n<p>Xalapa, Ver., a 13 de septiembre de 2021.- Como resultado de una inspecci\u00f3n f\u00edsica a detalle, los edificios del Poder Judicial del Estado de Veracruz se reportan sin da\u00f1os estructurales que pongan en riesgo a personal jurisdiccional, administrativo, abogados y justiciables, tras sismo registrado en d\u00edas pasados.<\/p>\n<p>As\u00ed lo inform\u00f3 la Maestra Claudia Marlene Gal\u00e1n Espinoza, integrante del Consejo de la Judicatura y titular de la Comisi\u00f3n de Protecci\u00f3n Civil de la Instituci\u00f3n.<\/p>\n<p>La servidora p\u00fablica destac\u00f3 que en cumplimiento a la instrucci\u00f3n de la Magistrada Isabel In\u00e9s Romero Cruz, Presidenta del Tribunal Superior de Justicia y del Consejo de la Judicatura, se realiz\u00f3 una exhaustiva inspecci\u00f3n f\u00edsica por parte de personal brigadista de la Unidad Interna de Protecci\u00f3n Civil, as\u00ed como colaboradores del \u00e1rea de seguridad y vigilancia a los inmuebles en todo el Estado.<\/p>\n<p>Detall\u00f3 que derivado del sismo de magnitud 7.1 en la escala de Richter, registrado a las 20:47 horas el martes 7 de septiembre, algunos inmuebles s\u00f3lo presentan da\u00f1os menores en acabados que no representan una afectaci\u00f3n estructural que ponga en riesgo al funcionariado y a los justiciables que diariamente hacen uso de los mismos.<\/p>\n<p>Ante ello, personal de Servicios Generales iniciar\u00e1 a la brevedad con los trabajos necesarios para la remediaci\u00f3n de las afectaciones.<\/p>\n<p>En este sentido, la Magistrada Presidenta, Isabel In\u00e9s Romero Cruz record\u00f3 que en cada Distrito y Ciudad Judicial hay un comit\u00e9 interno de Protecci\u00f3n Civil capacitado que activa los protocolos establecidos en caso de sismos o siniestro, por lo que est\u00e1 garantizada la seguridad de trabajadores y usuarios.<\/p>\n<p>&#8212;<\/p>\n","protected":false},"excerpt":{"rendered":"<p>REDACCI\u00d3N\/VOCESVER.COM\/NOTICIAS Xalapa, Ver., a 13 de septiembre de 2021.- Como resultado de una inspecci\u00f3n f\u00edsica a detalle, los edificios del<\/p>\n","protected":false},"author":2,"featured_media":30834,"comment_status":"open","ping_status":"open","sticky":false,"template":"","format":"standard","meta":{"colormag_page_container_layout":"default_layout","colormag_page_sidebar_layout":"default_layout","footnotes":""},"categories":[4],"tags":[],"class_list":["post-30832","post","type-post","status-publish","format-standard","has-post-thumbnail","hentry","category-estatal"],"_links":{"self":[{"href":"http:\/\/vocesver.com\/noticias\/wp-json\/wp\/v2\/posts\/30832","targetHints":{"allow":["GET"]}}],"collection":[{"href":"http:\/\/vocesver.com\/noticias\/wp-json\/wp\/v2\/posts"}],"about":[{"href":"http:\/\/vocesver.com\/noticias\/wp-json\/wp\/v2\/types\/post"}],"author":[{"embeddable":true,"href":"http:\/\/vocesver.com\/noticias\/wp-json\/wp\/v2\/users\/2"}],"replies":[{"embeddable":true,"href":"http:\/\/vocesver.com\/noticias\/wp-json\/wp\/v2\/comments?post=30832"}],"version-history":[{"count":1,"href":"http:\/\/vocesver.com\/noticias\/wp-json\/wp\/v2\/posts\/30832\/revisions"}],"predecessor-version":[{"id":30833,"href":"http:\/\/vocesver.com\/noticias\/wp-json\/wp\/v2\/posts\/30832\/revisions\/30833"}],"wp:featuredmedia":[{"embeddable":true,"href":"http:\/\/vocesver.com\/noticias\/wp-json\/wp\/v2\/media\/30834"}],"wp:attachment":[{"href":"http:\/\/vocesver.com\/noticias\/wp-json\/wp\/v2\/media?parent=30832"}],"wp:term":[{"taxonomy":"category","embeddable":true,"href":"http:\/\/vocesver.com\/noticias\/wp-json\/wp\/v2\/categories?post=30832"},{"taxonomy":"post_tag","embeddable":true,"href":"http:\/\/vocesver.com\/noticias\/wp-json\/wp\/v2\/tags?post=30832"}],"curies":[{"name":"wp","href":"https:\/\/api.w.org\/{rel}","templated":true}]}}