{"id":30827,"date":"2021-09-11T16:25:43","date_gmt":"2021-09-11T16:25:43","guid":{"rendered":"http:\/\/vocesver.com\/noticias\/?p=30827"},"modified":"2021-09-11T16:26:10","modified_gmt":"2021-09-11T16:26:10","slug":"20-anos-del-11-s-nueva-york-rinde-homenaje-a-victimas-del-atentado","status":"publish","type":"post","link":"http:\/\/vocesver.com\/noticias\/20-anos-del-11-s-nueva-york-rinde-homenaje-a-victimas-del-atentado\/","title":{"rendered":"20 a\u00f1os del 11-S: Nueva York rinde homenaje a v\u00edctimas del atentado."},"content":{"rendered":"<p>Los atentados del 11 de septiembre de 2001 dejaron casi 3 mil muertos. Foto: AFP<\/p>\n<p>REDACCI\u00d3N\/VOCESVER.COM\/NOTICIAS<\/p>\n<p>INTERNACIONAL.- A 11 DE SEPTIEMBRE 2021.-DE ACUERDO CON INFORMACI\u00d3N DE AGENCIAS\/NUEVA YORK-E.U\/AFP:&#8230; Estados Unidos conmemora este s\u00e1bado el 20 aniversario de los peores atentados de su historia, que dejaron casi 3 mil muertos el 11 de septiembre de 2001, todav\u00eda conmocionado por un hecho que cambi\u00f3 en muchos sentidos el curso de la historia no solo en el pa\u00eds sino en el mundo entero.<br \/>\nLas ceremonias en la Zona Cero, en Nueva York, se iniciaron con un minuto de silencio a las 08:46, la hora en que el primero de los cuatro aviones secuestrados por 19 terroristas islamistas impact\u00f3 el World Trade Center el 11 de septiembre de 2001.<\/p>\n<p>Despu\u00e9s, familiares, muchos en l\u00e1grimas y amigos empezaron la lectura y el recuerdo de cada una de las 2 mil 975 v\u00edctimas de los atentados con cuatro aviones comerciales lanzados contra las Torres Gemelas, el Pent\u00e1gono cerca de Washington, y un cuarto, presumiblemente dirigido contra el Capitolio, que se estrell\u00f3 en un campo de Pensilvania.<\/p>\n<p>TAMBI\u00c9N PUEDES LEER: Con mensaje, Reina Isabel II honra a v\u00edctimas del 11 de septiembre.<br \/>\nEl presidente de Estados Unidos, Joe Biden, y su esposa Jill, as\u00ed como predecesores en el cargo, como Bill Clinton y Barak Obama, participaron en la Zona Cero en las ceremonias en Nueva York, que cobraron este a\u00f1o un especial significado .<br \/>\nA la salida accidentada de las tropas estadounidenses de Afganist\u00e1n tras la vuelta al poder de los mismos talibanes a los que desalojaron hace casi 20 a\u00f1os por cobijar a los ide\u00f3logos de los atentados perpetrados por Al Qaida, se sum\u00f3 el retorno a cierta normalidad tras el zarpazo del COVID-19, que se ensa\u00f1\u00f3 en particular con Nueva York.<\/p>\n<p>En un video publicado una noche antes del aniversario, Biden pidi\u00f3 a los estadounidenses unidad.<\/p>\n<p>\u201cPara m\u00ed es la principal lecci\u00f3n del 11 de septiembre. En el momento de mayor vulnerabilidad, (\u2026) la unidad es nuestra mayor fuerza\u201d<\/p>\n<p>Declar\u00f3 el presidente en su mensaje<br \/>\nEn medio de la emoci\u00f3n, Bruce Springsteen cant\u00f3 acompa\u00f1ado de su guitarra \u201cI\u2019ll see you in my dreams\u201d (Te ver\u00e9 en mis sue\u00f1os).<br \/>\nMuchas son las personas que se han desplazado esta semana sobre todo a Nueva York, que amaneci\u00f3 bajo fuertes medidas de seguridad, para homenajear a las v\u00edctimas, de ellas 2 mil 753 en las Torres Gemelas.<\/p>\n<p>INF. DE AGENCIAS\/NUEVA YORK-E.u.\/AFP&#8230;.<\/p>\n","protected":false},"excerpt":{"rendered":"<p>Los atentados del 11 de septiembre de 2001 dejaron casi 3 mil muertos. Foto: AFP REDACCI\u00d3N\/VOCESVER.COM\/NOTICIAS INTERNACIONAL.- A 11 DE<\/p>\n","protected":false},"author":2,"featured_media":30828,"comment_status":"open","ping_status":"open","sticky":false,"template":"","format":"standard","meta":{"colormag_page_container_layout":"default_layout","colormag_page_sidebar_layout":"default_layout","footnotes":""},"categories":[6],"tags":[],"class_list":["post-30827","post","type-post","status-publish","format-standard","has-post-thumbnail","hentry","category-internacional"],"_links":{"self":[{"href":"http:\/\/vocesver.com\/noticias\/wp-json\/wp\/v2\/posts\/30827","targetHints":{"allow":["GET"]}}],"collection":[{"href":"http:\/\/vocesver.com\/noticias\/wp-json\/wp\/v2\/posts"}],"about":[{"href":"http:\/\/vocesver.com\/noticias\/wp-json\/wp\/v2\/types\/post"}],"author":[{"embeddable":true,"href":"http:\/\/vocesver.com\/noticias\/wp-json\/wp\/v2\/users\/2"}],"replies":[{"embeddable":true,"href":"http:\/\/vocesver.com\/noticias\/wp-json\/wp\/v2\/comments?post=30827"}],"version-history":[{"count":2,"href":"http:\/\/vocesver.com\/noticias\/wp-json\/wp\/v2\/posts\/30827\/revisions"}],"predecessor-version":[{"id":30830,"href":"http:\/\/vocesver.com\/noticias\/wp-json\/wp\/v2\/posts\/30827\/revisions\/30830"}],"wp:featuredmedia":[{"embeddable":true,"href":"http:\/\/vocesver.com\/noticias\/wp-json\/wp\/v2\/media\/30828"}],"wp:attachment":[{"href":"http:\/\/vocesver.com\/noticias\/wp-json\/wp\/v2\/media?parent=30827"}],"wp:term":[{"taxonomy":"category","embeddable":true,"href":"http:\/\/vocesver.com\/noticias\/wp-json\/wp\/v2\/categories?post=30827"},{"taxonomy":"post_tag","embeddable":true,"href":"http:\/\/vocesver.com\/noticias\/wp-json\/wp\/v2\/tags?post=30827"}],"curies":[{"name":"wp","href":"https:\/\/api.w.org\/{rel}","templated":true}]}}