{"id":30824,"date":"2021-09-11T16:11:14","date_gmt":"2021-09-11T16:11:14","guid":{"rendered":"http:\/\/vocesver.com\/noticias\/?p=30824"},"modified":"2021-09-11T16:41:13","modified_gmt":"2021-09-11T16:41:13","slug":"urge-reparar-calles-de-rio-medio-treslucen-muy-danadas","status":"publish","type":"post","link":"http:\/\/vocesver.com\/noticias\/urge-reparar-calles-de-rio-medio-treslucen-muy-danadas\/","title":{"rendered":"URGE REPARAR CALLES DE RIO MEDIO TRES,LUCEN MUY DA\u00d1ADAS."},"content":{"rendered":"<p>\u00b0Temporada de lluvias ha acrecentado su deterioro.<br \/>\n\u00b0Esto aunado al abandono y al paso de unidades pesadas.<\/p>\n<p>POR:ALEJANDRO MURRIETA\/VOCESVER.COM\/NOTICIAS<\/p>\n<p>Veracruz,Ver.- A 11 de Septiembre 2021.&#8211; El paso del tiempo aunado a la temporada de lluvias ha provocado un mayor deterioro de  la calle Rio  Vi\u00f1asco de Lomas de R\u00edo Medio 3 perteneciente al municipio de Veracruz.<br \/>\nVecinos de la zona explicar\u00f3n que la situaci\u00f3n se agrava porque recientemente est\u00e1n pasando unidades pesadas por dicha arteria, tras el cambio de circulaci\u00f3n consecuencia de una obra municipal.<br \/>\nAhora solo esperan que los del Ayuntamiento, en particular los encargados de Obras P\u00fablicas vengan y las reparen lo m\u00e1s pronto posible<br \/>\nPor otro lado los vecinos denunciar\u00f3n que esta calle tambi\u00e9n tiene problemas con algunas luminarias que no encienden,de esto ya tiene m\u00e1s de dos meses y es hasta este momento que el \u00e1rea de alumbrado p\u00fablico no ha hecho nada al respecto, eso a pesar de que estos ya lo han reportado infinidad de veces.<\/p>\n","protected":false},"excerpt":{"rendered":"<p>\u00b0Temporada de lluvias ha acrecentado su deterioro. \u00b0Esto aunado al abandono y al paso de unidades pesadas. POR:ALEJANDRO MURRIETA\/VOCESVER.COM\/NOTICIAS Veracruz,Ver.-<\/p>\n","protected":false},"author":2,"featured_media":30826,"comment_status":"open","ping_status":"open","sticky":false,"template":"","format":"standard","meta":{"colormag_page_container_layout":"default_layout","colormag_page_sidebar_layout":"default_layout","footnotes":""},"categories":[2],"tags":[],"class_list":["post-30824","post","type-post","status-publish","format-standard","has-post-thumbnail","hentry","category-infogral"],"_links":{"self":[{"href":"http:\/\/vocesver.com\/noticias\/wp-json\/wp\/v2\/posts\/30824","targetHints":{"allow":["GET"]}}],"collection":[{"href":"http:\/\/vocesver.com\/noticias\/wp-json\/wp\/v2\/posts"}],"about":[{"href":"http:\/\/vocesver.com\/noticias\/wp-json\/wp\/v2\/types\/post"}],"author":[{"embeddable":true,"href":"http:\/\/vocesver.com\/noticias\/wp-json\/wp\/v2\/users\/2"}],"replies":[{"embeddable":true,"href":"http:\/\/vocesver.com\/noticias\/wp-json\/wp\/v2\/comments?post=30824"}],"version-history":[{"count":2,"href":"http:\/\/vocesver.com\/noticias\/wp-json\/wp\/v2\/posts\/30824\/revisions"}],"predecessor-version":[{"id":30831,"href":"http:\/\/vocesver.com\/noticias\/wp-json\/wp\/v2\/posts\/30824\/revisions\/30831"}],"wp:featuredmedia":[{"embeddable":true,"href":"http:\/\/vocesver.com\/noticias\/wp-json\/wp\/v2\/media\/30826"}],"wp:attachment":[{"href":"http:\/\/vocesver.com\/noticias\/wp-json\/wp\/v2\/media?parent=30824"}],"wp:term":[{"taxonomy":"category","embeddable":true,"href":"http:\/\/vocesver.com\/noticias\/wp-json\/wp\/v2\/categories?post=30824"},{"taxonomy":"post_tag","embeddable":true,"href":"http:\/\/vocesver.com\/noticias\/wp-json\/wp\/v2\/tags?post=30824"}],"curies":[{"name":"wp","href":"https:\/\/api.w.org\/{rel}","templated":true}]}}