{"id":30821,"date":"2021-09-10T20:26:12","date_gmt":"2021-09-10T20:26:12","guid":{"rendered":"http:\/\/vocesver.com\/noticias\/?p=30821"},"modified":"2021-09-10T20:28:15","modified_gmt":"2021-09-10T20:28:15","slug":"develan-estatua-del-general-ignacio-de-la-llave-en-el-pjev","status":"publish","type":"post","link":"http:\/\/vocesver.com\/noticias\/develan-estatua-del-general-ignacio-de-la-llave-en-el-pjev\/","title":{"rendered":"Develan estatua del General Ignacio de la Llave en el PJEV."},"content":{"rendered":"<p>AUSENCIO RIVERA\/VOCESVER.COM\/NOTICIAS<\/p>\n<p>Xalapa, Ver., viernes 10 de septiembre de 2021.- Autoridades de los Tres Poderes del Estado develaron este viernes la estatua del General Ignacio de la Llave en las instalaciones del Poder Judicial del Estado de Veracruz, donada por el Colegio Nacional de Abogados Penalistas AC. que preside el Dr.Gilberto Far\u00edas Morales.<\/p>\n<p>La Magistrada Isabel In\u00e9s Romero Cruz, Presidenta del Tribunal Superior de Justicia y del Consejo de la Judicatura, resalt\u00f3 la figura del ilustre veracruzano que adem\u00e1s de haber sido gobernador de la entidad, fue un destacado jurista.<\/p>\n<p>A la ceremonia de develaci\u00f3n de la estatua del General Ignacio de la Llave, asisti\u00f3 el Gobernador del Estado de Veracruz, Cuitl\u00e1huac Garc\u00eda Jim\u00e9nez; la Presidenta de la Mesa Directiva del Congreso del Estado, Paola Linares Capitanachi, adem\u00e1s de Gilberto Far\u00edas, Presidente del Colegio Nacional de Abogados Penalistas y Bernardo Luis Art\u00e1s\u00e1nchez, autor de la escultura.<\/p>\n<p>Al hacer uso de la voz, la Magistrada Presidenta destac\u00f3 que este evento dejar\u00e1 honda huella en la memoria de todos como muestra de una extraordinaria coordinaci\u00f3n entre Poderes:<\/p>\n<p>\u201cNunca puede cesar el combate en contra de las fuerzas que por diversos medios pretenden descarrilar al Poder leg\u00edtimamente constituido, sino a su vez deben ser enfrentadas con total convicci\u00f3n, con la fuerza de la ley, con la frente en alto, con firmeza y mano dura, por el bien de todos. En Veracruz as\u00ed lo estamos realizando: los tres Poderes, unidos, y con total comunicaci\u00f3n\u201d. <\/p>\n<p>Subray\u00f3 que, con la firmeza y el conocimiento de la Ley, bajo la gu\u00eda de la labor del General Ignacio de la Llave, el Poder Judicial del Estado, no les fallar\u00e1 a los veracruzanos.<\/p>\n<p>La titular del Poder Judicial de Veracruz indic\u00f3 que, con claridad en la ruta, y por la defensa de los ideales del bien com\u00fan, desde la Presidencia del Tribunal Superior de Justicia y del Consejo de la Judicatura, con el apoyo de Magistrados, Magistradas, Consejera, Consejeros, juzgadores y todo el personal judicial:<\/p>\n<p>\u201cSeguiremos en la b\u00fasqueda de otorgar a los justiciables el servicio que requieren, y en la lucha contra la corrupci\u00f3n\u201d.<\/p>\n<p>Entre los invitados especiales se cont\u00f3 con la presencia de Ver\u00f3nica Hern\u00e1ndez Giad\u00e1ns, Fiscal General del Estado; el Contralmirante Rafael Nemesio V\u00e1zquez Saval en representaci\u00f3n del Almirante Santiago Jorge Morgado CGDEM de la Primera Regi\u00f3n Naval en Veracruz; Jos\u00e9 Francisco Camarena Hern\u00e1ndez, General de Brigada DEM de la 26 Zona Militar el Lencero; adem\u00e1s de Hip\u00f3lito Rodr\u00edguez Herrero, Alcalde de Xalapa, entre otras personalidades.<\/p>\n<p>Esta ceremonia tuvo el realce al contar con la distinguida presencia del Magistrado Antonio Sobrevilla Castillo, del Magistrado Esteban Mart\u00ednez V\u00e1zquez, la Maestra Claudia Marlene Gal\u00e1n Espinoza y el Maestro Humberto Hern\u00e1ndez Reducindo, Integrantes del Consejo de la Judicatura; Magistradas y Magistrados; juzgadores, servidores p\u00fablicos y abogados.<\/p>\n<p>&#8212;<\/p>\n","protected":false},"excerpt":{"rendered":"<p>AUSENCIO RIVERA\/VOCESVER.COM\/NOTICIAS Xalapa, Ver., viernes 10 de septiembre de 2021.- Autoridades de los Tres Poderes del Estado develaron este viernes<\/p>\n","protected":false},"author":2,"featured_media":30823,"comment_status":"open","ping_status":"open","sticky":false,"template":"","format":"standard","meta":{"colormag_page_container_layout":"default_layout","colormag_page_sidebar_layout":"default_layout","footnotes":""},"categories":[4],"tags":[],"class_list":["post-30821","post","type-post","status-publish","format-standard","has-post-thumbnail","hentry","category-estatal"],"_links":{"self":[{"href":"http:\/\/vocesver.com\/noticias\/wp-json\/wp\/v2\/posts\/30821","targetHints":{"allow":["GET"]}}],"collection":[{"href":"http:\/\/vocesver.com\/noticias\/wp-json\/wp\/v2\/posts"}],"about":[{"href":"http:\/\/vocesver.com\/noticias\/wp-json\/wp\/v2\/types\/post"}],"author":[{"embeddable":true,"href":"http:\/\/vocesver.com\/noticias\/wp-json\/wp\/v2\/users\/2"}],"replies":[{"embeddable":true,"href":"http:\/\/vocesver.com\/noticias\/wp-json\/wp\/v2\/comments?post=30821"}],"version-history":[{"count":1,"href":"http:\/\/vocesver.com\/noticias\/wp-json\/wp\/v2\/posts\/30821\/revisions"}],"predecessor-version":[{"id":30822,"href":"http:\/\/vocesver.com\/noticias\/wp-json\/wp\/v2\/posts\/30821\/revisions\/30822"}],"wp:featuredmedia":[{"embeddable":true,"href":"http:\/\/vocesver.com\/noticias\/wp-json\/wp\/v2\/media\/30823"}],"wp:attachment":[{"href":"http:\/\/vocesver.com\/noticias\/wp-json\/wp\/v2\/media?parent=30821"}],"wp:term":[{"taxonomy":"category","embeddable":true,"href":"http:\/\/vocesver.com\/noticias\/wp-json\/wp\/v2\/categories?post=30821"},{"taxonomy":"post_tag","embeddable":true,"href":"http:\/\/vocesver.com\/noticias\/wp-json\/wp\/v2\/tags?post=30821"}],"curies":[{"name":"wp","href":"https:\/\/api.w.org\/{rel}","templated":true}]}}