{"id":30762,"date":"2021-09-07T16:05:09","date_gmt":"2021-09-07T16:05:09","guid":{"rendered":"http:\/\/vocesver.com\/noticias\/?p=30762"},"modified":"2021-09-09T20:20:15","modified_gmt":"2021-09-09T20:20:15","slug":"sera-este-10-de-septiembre-cuando-se-desvele-la-estatua-del-general-ignacio-de-la-llave","status":"publish","type":"post","link":"http:\/\/vocesver.com\/noticias\/sera-este-10-de-septiembre-cuando-se-desvele-la-estatua-del-general-ignacio-de-la-llave\/","title":{"rendered":"Ser\u00e1 este 10 de Septiembre cuando se  devele la estatua del General Ignacio de la Llave."},"content":{"rendered":"<p>\u00b0La ceremonia en las instalaciones del Tribunal Superior de Justicia del Estado de Veracruz.<br \/>\n\u00b0Ser\u00e1 presidida por el Dr.Gilberto Far\u00edas Morales presidente de CNAP y el Gobernador Ing. Cuiltl\u00e1huac Garc\u00eda Jim\u00e9nez.<br \/>\n\u00b0Presentes la magistrada Isabel in\u00e9s Romero Cruz y la Fiscal General Ver\u00f3nica Hern\u00e1ndez Gidadans entre otras personalidades.<\/p>\n<p>AUSENCIO RIVERA\/VOCESVER.COM\/NOTICIAS<\/p>\n<p>Veracruzz,ver.&#8212;Por fin este 10 de Septiembre del presente a\u00f1o la Estatua del General Ignacio de la Llave sera develada en el Tribunal Superior de Justicia luego de que se pospusiera su entrega por los estragos del hurac\u00e1n \u00abGrace\u00bb<\/p>\n<p>Es el doctor Gilberto Far\u00edas Morales el impulsor de dicha estatua qui\u00e9n estar\u00e1 presente junto con el gobernador del estado Cuitl\u00e1huac Garc\u00eda Jim\u00e9nez y la magistrada Isabel In\u00e9s Romero Cruz as\u00ed como la fiscal general del estado Veronica Hern\u00e1ndez Giadans y otras personalidades.<br \/>\nPero qui\u00e9n fue Ignacio de la llave y porque \u00e9sta estatua? aqu\u00ed se lo decimos.<\/p>\n<p>Naci\u00f3 el 26 de agosto de 1818 en la ciudad de Orizaba, Veracruz. Descendiente de una antigua familia espa\u00f1ola, ingres\u00f3 al Colegio Nacional de Orizaba en donde comenz\u00f3 sus estudios de jurisprudencia los cuales concluy\u00f3 en la Ciudad de M\u00e9xico en 1841.<\/p>\n<p>Fue juez en Orizaba; en 1844 combati\u00f3 con Santa Anna como voluntario del ej\u00e9rcito comandado por Mariano Paredes.<br \/>\nSu popularidad y el prestigio que alcanz\u00f3 entre los veracruzanos le valieron que lo eligieran diputado. Fue en esta \u00e9poca cuando se distingui\u00f3 como defensor de la Patria ante la invasi\u00f3n norteamericana en 1847.<\/p>\n<p>En 1852, fue diputado federal, pero por sus diferencias con Santa Anna fue desterrado a Yucat\u00e1n.<br \/>\nLogr\u00f3 fugarse y se levant\u00f3 en armas en las sierras de Atoyac y Chiquihuite.<br \/>\nEl 15 de julio de 1855 se uni\u00f3 en Orizaba al Plan de Ayutla.<\/p>\n<p>Al triunfo del movimiento liberal contra Santa Anna, Ignacio de la Llave fue nombrado General y en agosto de 1855 asumi\u00f3 el cargo de gobernador de Veracruz.<\/p>\n<p>En 1857, se integr\u00f3 al gabinete del presidente Ignacio Comonfort  como Secretario de Gobernaci\u00f3n, pero pronto renuncia al puesto, posteriormente fue magistrado de la Suprema Corte.<\/p>\n<p>En 1861, asumi\u00f3 por segunda ocasi\u00f3n el cargo de gobernador de Veracruz.<br \/>\nDurante su gesti\u00f3n los  poderes estatales fueron trasladados a Jalapa y se fortific\u00f3 el camino Jalapa-Veracruz al inicio de la intervenci\u00f3n francesa.<\/p>\n<p>Particip\u00f3 en la defensa de Puebla en abril de 1863, pero al entregarse la plaza y al ser ocupada por  los franceses, fue capturado  y enviado a pie al puerto para ser llevado como prisionero de guerra a Francia;<br \/>\nDe la Llave promovi\u00f3  su huida junto con los generales Pattoni y Gonz\u00e1lez Ortega con la urgencia de alcanzar al presidente de la Rep\u00fablica, Benito Ju\u00e1rez; sin embargo la escolta que los acompa\u00f1aba se sublev\u00f3 e Ignacio de la Llave es gravemente herido y muere el 23 de junio de 1863.<\/p>\n<p>En Veracruz, el 10 de julio de 1863, al darse a conocer la noticia del fallecimiento del General, con el objeto de honrar su memoria, en ese entonces el Gobernador del Estado, Don Francisco Hern\u00e1ndez y Hern\u00e1ndez, dispuso mediante decreto, que se le declarara Benem\u00e9rito del Estado y prescribi\u00f3 que \u201cEl Estado de Veracruz se llamara en lo sucesivo Veracruz-de Ignacio de la Llave\u201d.<br \/>\nEste 10 de Septiembre el Colegio Nacional de Abogados Penalistas A.C. que dirige el Doctor Gilberto Far\u00edas Morales realizar\u00e1 un homenaje con la develaci\u00f3n de la estatua del General Ignacio de la Llave<\/p>\n","protected":false},"excerpt":{"rendered":"<p>\u00b0La ceremonia en las instalaciones del Tribunal Superior de Justicia del Estado de Veracruz. \u00b0Ser\u00e1 presidida por el Dr.Gilberto Far\u00edas<\/p>\n","protected":false},"author":2,"featured_media":30764,"comment_status":"open","ping_status":"open","sticky":false,"template":"","format":"standard","meta":{"colormag_page_container_layout":"default_layout","colormag_page_sidebar_layout":"default_layout","footnotes":""},"categories":[2],"tags":[],"class_list":["post-30762","post","type-post","status-publish","format-standard","has-post-thumbnail","hentry","category-infogral"],"_links":{"self":[{"href":"http:\/\/vocesver.com\/noticias\/wp-json\/wp\/v2\/posts\/30762","targetHints":{"allow":["GET"]}}],"collection":[{"href":"http:\/\/vocesver.com\/noticias\/wp-json\/wp\/v2\/posts"}],"about":[{"href":"http:\/\/vocesver.com\/noticias\/wp-json\/wp\/v2\/types\/post"}],"author":[{"embeddable":true,"href":"http:\/\/vocesver.com\/noticias\/wp-json\/wp\/v2\/users\/2"}],"replies":[{"embeddable":true,"href":"http:\/\/vocesver.com\/noticias\/wp-json\/wp\/v2\/comments?post=30762"}],"version-history":[{"count":4,"href":"http:\/\/vocesver.com\/noticias\/wp-json\/wp\/v2\/posts\/30762\/revisions"}],"predecessor-version":[{"id":30778,"href":"http:\/\/vocesver.com\/noticias\/wp-json\/wp\/v2\/posts\/30762\/revisions\/30778"}],"wp:featuredmedia":[{"embeddable":true,"href":"http:\/\/vocesver.com\/noticias\/wp-json\/wp\/v2\/media\/30764"}],"wp:attachment":[{"href":"http:\/\/vocesver.com\/noticias\/wp-json\/wp\/v2\/media?parent=30762"}],"wp:term":[{"taxonomy":"category","embeddable":true,"href":"http:\/\/vocesver.com\/noticias\/wp-json\/wp\/v2\/categories?post=30762"},{"taxonomy":"post_tag","embeddable":true,"href":"http:\/\/vocesver.com\/noticias\/wp-json\/wp\/v2\/tags?post=30762"}],"curies":[{"name":"wp","href":"https:\/\/api.w.org\/{rel}","templated":true}]}}