{"id":30759,"date":"2021-09-07T15:37:43","date_gmt":"2021-09-07T15:37:43","guid":{"rendered":"http:\/\/vocesver.com\/noticias\/?p=30759"},"modified":"2021-09-07T15:39:37","modified_gmt":"2021-09-07T15:39:37","slug":"evaluacion-senala-que-el-70-del-alumnado-prefiere-clases-presenciales-ricardo-robert","status":"publish","type":"post","link":"http:\/\/vocesver.com\/noticias\/evaluacion-senala-que-el-70-del-alumnado-prefiere-clases-presenciales-ricardo-robert\/","title":{"rendered":"Evaluaci\u00f3n se\u00f1ala que el 70% del alumnado prefiere clases presenciales: Ricardo Robert"},"content":{"rendered":"<p>REDACCI\u00d3N\/VOCESVER.COM\/NOTICIAS<\/p>\n<p>VER.- Como resultado de una investigaci\u00f3n donde se evalu\u00f3 la opini\u00f3n de los alumnos del nivel medio y superior, se determin\u00f3 que el 70 por ciento prefiere clases presenciales; se\u00f1al\u00f3 el Doctor en educaci\u00f3n Ricardo Robert Tejeda.<\/p>\n<p>     Ricardo Robert Tejeda es doctor en educaci\u00f3n y catedr\u00e1tico de tiempo completo en el nivel medio y  superior, quien encabez\u00f3 la estad\u00edstica del regreso a clases donde destaca que los alumnos en su mayor\u00eda tienen una marcada preferencia por las clases presenciales.<br \/>\n     En entrevista, dijo que \u201cel 70 por ciento de los alumnos prefieren clases presenciales, pero su asistencia est\u00e1 determinada por la decisi\u00f3n de los padres de familia que a\u00fan tienen una opini\u00f3n dividida con respecto a la asistencia\u201d.<br \/>\n    Explic\u00f3 que \u201cese 70 por ciento de los alumnos comentan que las escuelas cuentan con infraestructura para tomar clases y los maestros les pueden aclarar dudas de manera personalizada, en cambio la red dom\u00e9stica de internet suele presentar fallas que complican la comunicaci\u00f3n entre catedr\u00e1ticos y estudiantes\u201d.<br \/>\n     Robert Tejeda, manifest\u00f3 que a\u00fan prevalece el temor al contagio como la principal causa de la ausencia presencial en las escuelas, lo que puede ocasionar la inasistencia.<br \/>\n   Expres\u00f3 que la asistencia a los planteles durante la primera semana fue variable, en algunas escuelas con una presencia mayor al 50 por ciento, \u201cpero en este comienzo es muy dif\u00edcil evaluar si el regreso a clases presenciales result\u00f3 ser un \u00e9xito, porque se trabaja en la concientizaci\u00f3n a padres y alumnos para que consideren la asistencia, para regularizar el sistema educativo\u201d, dijo Robert.<br \/>\n     El catedr\u00e1tico hizo un reconocimiento al magisterio y a los padres de familia que han hecho todo lo posible para que se normalicen las clases en todos los niveles, as\u00ed como a los tutores que est\u00e1n dispuestos a colaborar con el sistema educativo mexicano para superar esta etapa que ha sido dif\u00edcil para los estudiantes. como para el pueblo de<br \/>\nMexico.<\/p>\n","protected":false},"excerpt":{"rendered":"<p>REDACCI\u00d3N\/VOCESVER.COM\/NOTICIAS VER.- Como resultado de una investigaci\u00f3n donde se evalu\u00f3 la opini\u00f3n de los alumnos del nivel medio y superior,<\/p>\n","protected":false},"author":2,"featured_media":30761,"comment_status":"open","ping_status":"open","sticky":false,"template":"","format":"standard","meta":{"colormag_page_container_layout":"default_layout","colormag_page_sidebar_layout":"default_layout","footnotes":""},"categories":[2],"tags":[],"class_list":["post-30759","post","type-post","status-publish","format-standard","has-post-thumbnail","hentry","category-infogral"],"_links":{"self":[{"href":"http:\/\/vocesver.com\/noticias\/wp-json\/wp\/v2\/posts\/30759","targetHints":{"allow":["GET"]}}],"collection":[{"href":"http:\/\/vocesver.com\/noticias\/wp-json\/wp\/v2\/posts"}],"about":[{"href":"http:\/\/vocesver.com\/noticias\/wp-json\/wp\/v2\/types\/post"}],"author":[{"embeddable":true,"href":"http:\/\/vocesver.com\/noticias\/wp-json\/wp\/v2\/users\/2"}],"replies":[{"embeddable":true,"href":"http:\/\/vocesver.com\/noticias\/wp-json\/wp\/v2\/comments?post=30759"}],"version-history":[{"count":1,"href":"http:\/\/vocesver.com\/noticias\/wp-json\/wp\/v2\/posts\/30759\/revisions"}],"predecessor-version":[{"id":30760,"href":"http:\/\/vocesver.com\/noticias\/wp-json\/wp\/v2\/posts\/30759\/revisions\/30760"}],"wp:featuredmedia":[{"embeddable":true,"href":"http:\/\/vocesver.com\/noticias\/wp-json\/wp\/v2\/media\/30761"}],"wp:attachment":[{"href":"http:\/\/vocesver.com\/noticias\/wp-json\/wp\/v2\/media?parent=30759"}],"wp:term":[{"taxonomy":"category","embeddable":true,"href":"http:\/\/vocesver.com\/noticias\/wp-json\/wp\/v2\/categories?post=30759"},{"taxonomy":"post_tag","embeddable":true,"href":"http:\/\/vocesver.com\/noticias\/wp-json\/wp\/v2\/tags?post=30759"}],"curies":[{"name":"wp","href":"https:\/\/api.w.org\/{rel}","templated":true}]}}