{"id":30756,"date":"2021-09-06T16:12:41","date_gmt":"2021-09-06T16:12:41","guid":{"rendered":"http:\/\/vocesver.com\/noticias\/?p=30756"},"modified":"2021-09-06T16:12:49","modified_gmt":"2021-09-06T16:12:49","slug":"se-cumplen-20-anos-de-los-atentados-del-11s-asi-piensa-hoy-la-gente-que-vivio-ese-tragico-dia","status":"publish","type":"post","link":"http:\/\/vocesver.com\/noticias\/se-cumplen-20-anos-de-los-atentados-del-11s-asi-piensa-hoy-la-gente-que-vivio-ese-tragico-dia\/","title":{"rendered":"Se cumplen 20 a\u00f1os de los atentados del 11S; as\u00ed piensa hoy la gente que vivi\u00f3 ese tr\u00e1gico d\u00eda."},"content":{"rendered":"<p>Tanto Bauer como Harrison asumen como un deber c\u00edvico su lucha por revertir la narrativa establecida desde hace m\u00e1s de 20 a\u00f1os. | Foto: CRAIG ALLEN \/ GETTY IMAGES NORTH AMERICA \/ Getty Images via AFP<\/p>\n<p>REDACCI\u00d3N\/VOCESVER.COM\/NOTICIAS<\/p>\n<p>INTERNACIONAL.- A 6 DE SEPTIEMBRE 2021.-DE ACYERDO A INFORMACI\u00d3N DE AGENCIAS\/E.U,\/AFP&#8230;. Para Heather Bauer, el aniversario del 11 de septiembre 2001 significa algo m\u00e1s que el derrumbe de las Torres Gemelas, los escombros humeantes del Pent\u00e1gono y la ca\u00edda de un avi\u00f3n en un campo de Pensilvania.<br \/>\nEn vez de aceptar el consenso general de que Al Qaeda llev\u00f3 a cabo esos ataques, ella cree que el gobierno estadounidense es el principal responsable. Una de las mentiras reiteradas en eventos con motivo de los 20 a\u00f1os de los atentados del 11 de septiembre de 2001.<\/p>\n<p>\u201cCuestiono absolutamente todo ahora, y me pregunto cu\u00e1nto de lo que nos han dicho es realmente cierto\u201d, dice Bauer. Y eso incluye la existencia del COVID-19, en la que no cree.<\/p>\n<p>Ama de casa en Wisconsin, Bauer ten\u00eda 14 a\u00f1os cuando los ataques a las Torres Gemelas dejaron casi 3 mil muertos.<br \/>\nDurante a\u00f1os crey\u00f3 en la versi\u00f3n oficial, antes de caer en la teor\u00eda de la conspiraci\u00f3n QAnon. Ahora piensa que los ataques fueron orquestados para justificar la guerra en Irak que sigui\u00f3 en 2003.<\/p>\n<p>Es una ferviente adherente del movimiento de esc\u00e9pticos sobre los eventos del 11\/9, cuyos miembros discuten sin cansarse supuestas evidencias sobre una demolici\u00f3n controlada de las Torres Gemelas.<\/p>\n<p>La teor\u00eda fue desarrollada con minucia durante los \u00faltimos 20 a\u00f1os, y ha sido desmentida con igual parsimonia por documentalistas y periodistas.<\/p>\n<p>Con argumentos como que \u201cel combustible de los aviones no puede fundir vigas de acero\u201d, busca demostrar que alguien debe haber sembrado explosivos en las torres, ya que no podr\u00edan haber colapsado tan precisamente al ser alcanzadas por aviones.<\/p>\n<p>TAMBI\u00c9N PUEDES VER: Las voces de los sobrevivientes a 20 a\u00f1os de la tragedia<br \/>\nEsc\u00e9pticos tambi\u00e9n discutir\u00e1n sobre el origen de la pandemia<br \/>\nEn las conferencias presenciales organizadas por la comunidad de esc\u00e9pticos para el vig\u00e9simo aniversario del 11 de septiembre tambi\u00e9n se discutir\u00e1n los or\u00edgenes de la pandemia del coronavirus y las vacunas.<\/p>\n<p>La decimos\u00e9ptima edici\u00f3n del \u201cFestival de Cine sobre la Verdad del 11 de septiembre\u201d tendr\u00e1 lugar en un cine de Oakland, California, y ser\u00e1 difundida en l\u00ednea. Tendr\u00e1 en cartelera documentales sobre la pandemia, entre ellos \u201cPlandemic\u201d, desacreditado y plagado de falsedades sobre el virus.<\/p>\n<p>Carol Brouillet, organizadora del evento y fundadora de la Alianza por la Verdad del 11 de septiembre en el norte de California, lamenta: \u201cHay tanto que queremos contar, y en tan s\u00f3lo ocho horas\u201d.<\/p>\n<p>Tan s\u00f3lo uno de los voceros del festival, Ken Jenkins, produjo decenas de DVD sobre el 11 de septiembre, seg\u00fan la p\u00e1gina web del festival.<\/p>\n<p>Las teor\u00edas de la conspiraci\u00f3n sobre el 11 de septiembre fueron las primeras en beneficiarse de un amplio acceso a internet para difundirse m\u00e1s velozmente que sus antecesoras, sobre el asesinato de John F. Kennedy o el alunizaje.<\/p>\n<p>\u201cEstados Unidos es un pa\u00eds particularmente conspiran\u00f3ico\u201d, anota Garrett Graff, periodista y autor de libros sobre el tema.<\/p>\n<p>Con internet, las teor\u00edas del 11 de septiembre crecieron no s\u00f3lo en impacto y alcance en comparaci\u00f3n con las anteriores teor\u00edas conspirativas, sino que permitieron, a quienes les creen, organizarse m\u00e1s eficazmente, se\u00f1ala.<\/p>\n<p>Del \u00e1ntrax a la pandemia, esto ha pasado a dos d\u00e9cadas de los atentados del 11 de septiembre.<br \/>\nEl aniversario del 11 de septiembre 2001 significa algo m\u00e1s que el derrumbe de las Torres Gemelas. | Foto: AFP<br \/>\n\u201cLas teor\u00edas de la conspiraci\u00f3n sobre el 11 de septiembre llegaron en el momento preciso en que redes sociales y medios de comunicaci\u00f3n en l\u00ednea como YouTube realmente comenzaron a permitir a la gente difundir estas ideas a lo grande y de forma colorida y convincente\u201d, agrega.<\/p>\n<p>Como el grupo de Brouillet, el Comit\u00e9 de Abogados para la Investigaci\u00f3n del 11 de septiembre realizar\u00e1 una conferencia el d\u00eda del vig\u00e9simo aniversario, con un debate sobre el covid-19.<\/p>\n<p>El evento fue bautizado \u201cDel \u00c1ntrax del 11 de septiembre a la Pandemia\u201c, en referencia a las cartas con esa sustancia t\u00f3xica enviadas a periodistas y pol\u00edticos durante varias semanas en septiembre de 2001.<\/p>\n<p>Para Mick Harrison, abogado en Indiana y director de litigios del comit\u00e9, la conexi\u00f3n entre el \u00e1ntrax de 2001 y el covid-19 es evidente.<\/p>\n<p>\u201cDebido a que investigamos la historia del trabajo de Estados Unidos en materia de armas biol\u00f3gicas para el caso del \u00e1ntrax, nos preocupa que pueda haber un problema continuo con el uso de armas biol\u00f3gicas en este pa\u00eds\u201d, indica.<\/p>\n<p>Tanto Bauer como Harrison asumen como un deber c\u00edvico su lucha por revertir la narrativa establecida desde hace m\u00e1s de 20 a\u00f1os.<\/p>\n<p>Lucho \u201cpor un mejor pa\u00eds al hacer m\u00e1s democr\u00e1tico este gobierno, m\u00e1s responsable, m\u00e1s transparente\u201d, defiende Harrison. \u201cEl 11 de septiembre es un problema en ese sentido, porque a\u00fan no sabemos la verdad sobre lo que ocurri\u00f3\u201d.<\/p>\n<p>INF. DE AGENCIAS\/EU\/AFP&#8230;..<\/p>\n","protected":false},"excerpt":{"rendered":"<p>Tanto Bauer como Harrison asumen como un deber c\u00edvico su lucha por revertir la narrativa establecida desde hace m\u00e1s de<\/p>\n","protected":false},"author":2,"featured_media":30757,"comment_status":"open","ping_status":"open","sticky":false,"template":"","format":"standard","meta":{"colormag_page_container_layout":"default_layout","colormag_page_sidebar_layout":"default_layout","footnotes":""},"categories":[6],"tags":[],"class_list":["post-30756","post","type-post","status-publish","format-standard","has-post-thumbnail","hentry","category-internacional"],"_links":{"self":[{"href":"http:\/\/vocesver.com\/noticias\/wp-json\/wp\/v2\/posts\/30756","targetHints":{"allow":["GET"]}}],"collection":[{"href":"http:\/\/vocesver.com\/noticias\/wp-json\/wp\/v2\/posts"}],"about":[{"href":"http:\/\/vocesver.com\/noticias\/wp-json\/wp\/v2\/types\/post"}],"author":[{"embeddable":true,"href":"http:\/\/vocesver.com\/noticias\/wp-json\/wp\/v2\/users\/2"}],"replies":[{"embeddable":true,"href":"http:\/\/vocesver.com\/noticias\/wp-json\/wp\/v2\/comments?post=30756"}],"version-history":[{"count":1,"href":"http:\/\/vocesver.com\/noticias\/wp-json\/wp\/v2\/posts\/30756\/revisions"}],"predecessor-version":[{"id":30758,"href":"http:\/\/vocesver.com\/noticias\/wp-json\/wp\/v2\/posts\/30756\/revisions\/30758"}],"wp:featuredmedia":[{"embeddable":true,"href":"http:\/\/vocesver.com\/noticias\/wp-json\/wp\/v2\/media\/30757"}],"wp:attachment":[{"href":"http:\/\/vocesver.com\/noticias\/wp-json\/wp\/v2\/media?parent=30756"}],"wp:term":[{"taxonomy":"category","embeddable":true,"href":"http:\/\/vocesver.com\/noticias\/wp-json\/wp\/v2\/categories?post=30756"},{"taxonomy":"post_tag","embeddable":true,"href":"http:\/\/vocesver.com\/noticias\/wp-json\/wp\/v2\/tags?post=30756"}],"curies":[{"name":"wp","href":"https:\/\/api.w.org\/{rel}","templated":true}]}}