{"id":30752,"date":"2021-09-06T16:00:23","date_gmt":"2021-09-06T16:00:23","guid":{"rendered":"http:\/\/vocesver.com\/noticias\/?p=30752"},"modified":"2021-09-06T16:05:50","modified_gmt":"2021-09-06T16:05:50","slug":"30752-2","status":"publish","type":"post","link":"http:\/\/vocesver.com\/noticias\/30752-2\/","title":{"rendered":"CEN priista advierte que no apoyar\u00e1 Revocaci\u00f3n de Mandato."},"content":{"rendered":"<p>Sin el impulso y promoci\u00f3n ciudadana el ejercicio puede generar un ambiente de polarizaci\u00f3n con da\u00f1o permanente a la sociedad, sentenci\u00f3 el CEN tricolor. Foto: Cuartoscuro<\/p>\n<p>REDACCI\u00d3N\/VOCESVER.COM\/NOTICIAS<\/p>\n<p>NACIONAL.- A 6 DE SEPTIEMBRE 2021.- DE ACUERDO CON INMFORMACI\u00d3N DE DAVID GALV\u00c1N\/REDACCI\u00d3N\/UNOTV&#8230;.La Revocaci\u00f3n de Mandato debe ser un ejercicio que nazca del reclamo popular, se\u00f1al\u00f3 el PRI, porque de lo contrario pudiera generar un ambiente de polarizaci\u00f3n con da\u00f1o permanente a la sociedad.<br \/>\nAs\u00ed lo afirm\u00f3 la dirigencia del Comit\u00e9 Ejecutivo Nacional (CEN) del Partido Revolucionario Institucional (PRI). <\/p>\n<p>La dirigencia priista manifest\u00f3 que, en estos momentos de crisis y falta de resultados para los mexicanos, es necesario que el gobierno federal se concentre en resolver los problemas urgentes y no distraer con consultas que no son prioridad. <\/p>\n<p>Este instituto pol\u00edtico, encabezado por Alejandro Moreno y Carolina Viggiano, insisti\u00f3 que revocar el mandato presidencial es un recurso que debe ser impulsado, promovido y utilizado por los ciudadanos, no por alguno de los tres Poderes de la Uni\u00f3n, organismos aut\u00f3nomos o entidades p\u00fablicas de cualquier orden. <\/p>\n<p>\u201cLa Revocaci\u00f3n no es obligatoria, es un recurso opcional que puede utilizarse o no, dependiendo de las condiciones pol\u00edticas, econ\u00f3micas y sociales del pa\u00eds\u201d.<br \/>\n.<br \/>\nEl partido tricolor subray\u00f3 que para luego se\u00f1alar que el sentido de la pregunta que se plantee a los mexicanos para que emitan su voto deber ser claro y no con enfoque de ratificaci\u00f3n. <\/p>\n<p>Alto costo por Revocaci\u00f3n de Mandato<br \/>\nTras considerar que es un ejercicio con un alto costo a las finanzas p\u00fablicas, el CEN priista advirti\u00f3 que, en estos momentos de crisis y falta de resultados para los mexicanos por parte de la actual Administraci\u00f3n, es necesario que el gobierno federal se concentre en resolver los problemas urgentes y no distraiga a la opini\u00f3n p\u00fablica con consultas que no son prioridad para los mexicanos. <\/p>\n<p>El Revolucionario Institucional asegur\u00f3 que la Revocaci\u00f3n \u201ces como miel envenenada, puede saber bien, pero en realidad podr\u00eda hacer mucho da\u00f1o y afectar la estabilidad pol\u00edtica del pa\u00eds\u201d, adem\u00e1s de que, vislumbr\u00f3, puede dar pie a que se busque extender el mandato presidencial. <\/p>\n<p>Finalmente, los legisladores priistas expusieron que la consulta para que se revoque del cargo al presidente no es obligatoria, \u201ces un recurso opcional que se puede utilizar o no, dependiendo de las condiciones pol\u00edticas, econ\u00f3micas y sociales del pa\u00eds\u201d.  <\/p>\n<p>Destacaron que es importante ser anal\u00edticos y cr\u00edticos con los resultados que han tenido procesos similares en otros pa\u00edses de Am\u00e9rica Latina. <\/p>\n<p>INF. DE DAVID GALV\u00c1N\/REDACCI\u00cdN\/UNOTV&#8230;.<\/p>\n","protected":false},"excerpt":{"rendered":"<p>Sin el impulso y promoci\u00f3n ciudadana el ejercicio puede generar un ambiente de polarizaci\u00f3n con da\u00f1o permanente a la sociedad,<\/p>\n","protected":false},"author":2,"featured_media":30753,"comment_status":"open","ping_status":"open","sticky":false,"template":"","format":"standard","meta":{"colormag_page_container_layout":"default_layout","colormag_page_sidebar_layout":"default_layout","footnotes":""},"categories":[5],"tags":[],"class_list":["post-30752","post","type-post","status-publish","format-standard","has-post-thumbnail","hentry","category-nacional"],"_links":{"self":[{"href":"http:\/\/vocesver.com\/noticias\/wp-json\/wp\/v2\/posts\/30752","targetHints":{"allow":["GET"]}}],"collection":[{"href":"http:\/\/vocesver.com\/noticias\/wp-json\/wp\/v2\/posts"}],"about":[{"href":"http:\/\/vocesver.com\/noticias\/wp-json\/wp\/v2\/types\/post"}],"author":[{"embeddable":true,"href":"http:\/\/vocesver.com\/noticias\/wp-json\/wp\/v2\/users\/2"}],"replies":[{"embeddable":true,"href":"http:\/\/vocesver.com\/noticias\/wp-json\/wp\/v2\/comments?post=30752"}],"version-history":[{"count":2,"href":"http:\/\/vocesver.com\/noticias\/wp-json\/wp\/v2\/posts\/30752\/revisions"}],"predecessor-version":[{"id":30755,"href":"http:\/\/vocesver.com\/noticias\/wp-json\/wp\/v2\/posts\/30752\/revisions\/30755"}],"wp:featuredmedia":[{"embeddable":true,"href":"http:\/\/vocesver.com\/noticias\/wp-json\/wp\/v2\/media\/30753"}],"wp:attachment":[{"href":"http:\/\/vocesver.com\/noticias\/wp-json\/wp\/v2\/media?parent=30752"}],"wp:term":[{"taxonomy":"category","embeddable":true,"href":"http:\/\/vocesver.com\/noticias\/wp-json\/wp\/v2\/categories?post=30752"},{"taxonomy":"post_tag","embeddable":true,"href":"http:\/\/vocesver.com\/noticias\/wp-json\/wp\/v2\/tags?post=30752"}],"curies":[{"name":"wp","href":"https:\/\/api.w.org\/{rel}","templated":true}]}}