{"id":30747,"date":"2021-09-06T15:52:05","date_gmt":"2021-09-06T15:52:05","guid":{"rendered":"http:\/\/vocesver.com\/noticias\/?p=30747"},"modified":"2021-09-06T15:54:03","modified_gmt":"2021-09-06T15:54:03","slug":"universitario-prepara-tu-cubrebocas-unam-anuncia-regreso-a-clases-presenciales-para-estos-alumnos","status":"publish","type":"post","link":"http:\/\/vocesver.com\/noticias\/universitario-prepara-tu-cubrebocas-unam-anuncia-regreso-a-clases-presenciales-para-estos-alumnos\/","title":{"rendered":"Universitario prepara tu cubrebocas; UNAM anuncia regreso a clases presenciales para estos alumnos."},"content":{"rendered":"<p>La UNAM exhort\u00f3 a los estudiantes que no hayan sido vacunados a que lo hagan en cuanto les sea posible. | Foto: Cuartoscuro<\/p>\n<p>REDACCI\u00d3N\/VOCESVER.COM\/NOTICIAS<\/p>\n<p>NACIONAL.- A 6 DE SEPTIEMBRE 2021.- DE ACUERDO CON INFORMACI\u00d3N CDMX\/M\u00c9XICO\/UNOTV&#8230;.La Universidad Nacional Aut\u00f3noma de M\u00e9xico (UNAM) inform\u00f3 este lunes 6 de septiembre a la comunidad universitaria sobre el retorno a las clases presenciales para algunas asignaturas.<br \/>\nA trav\u00e9s de un comunicado, la UNAM destac\u00f3 la importancia del retorno seguro a las actividades presenciales y consider\u00f3 que debido a los avances en el conocimiento del COVID-19, se puede concretar un regreso seguro a las aulas \u201cen la medida de lo posible\u201d.<br \/>\nSem\u00e1foros Amarillo permite regreso a clases en la UNAM<br \/>\nLa UNAM destac\u00f3 que una vez que el sem\u00e1foro de riesgo epid\u00e9mico se ha declarado en color amarillo y en los casos que los Consejos T\u00e9cnicos lo consideren pertinentes, podr\u00e1 convocarse a la comunidad universitaria a las aulas para concluir las asignaturas del ciclo escolar que requieran de actividades:<\/p>\n<p>Pr\u00e1cticas<br \/>\nCl\u00ednicas<br \/>\nExperimentales<br \/>\nArt\u00edsticas<br \/>\nSiempre y cuando se observe el cumplimiento de los lineamientos emitidos por diversas autoridades federales y de salud contra el COVID-19, en particular el uso obligatorio del cubrebocas.<br \/>\n\u201cEn concordancia con los comunicados publicados por la Direcci\u00f3n General de Comunicaci\u00f3n Social y una vez que el sem\u00e1foro de riesgo epid\u00e9mico se ha declarado en amarillo, en los casos en que los Consejos T\u00e9cnicos consideren pertinente, podr\u00e1 convocarse al alumnado para concluir las asignaturas del ciclo escolar que requieren de actividades pr\u00e1cticas, cl\u00ednicas, experimentales o art\u00edsticas, observando el cumplimiento de los lineamientos emitidos para el efecto, en particular el uso obligatorio del cubrebocas\u201d.<br \/>\n\u00bfCu\u00e1ndo se dar\u00e1 este regreso a clases presenciales en la UNAM?<br \/>\nLa UNAM inform\u00f3 que al t\u00e9rmino de 10 d\u00edas de haberse declarado el sem\u00e1foro de riesgo epid\u00e9mico en amarillo se podr\u00e1n convocar, en grupos reducidos, al alumnado del primer ingreso de los semestres 2020-2 y 2021-2022 para el conocimiento y ubicaci\u00f3n de las instalaciones universitarias.<\/p>\n<p>Las autoridades de las entidades acad\u00e9micas requerir\u00e1n, a trav\u00e9s de las delegaciones sindicales, al personal acad\u00e9mico y administrativo necesario, procurando que la asistencia sea en horarios escalonados.    <\/p>\n<p>Se exceptuar\u00e1n de la obligaci\u00f3n de asistir a aquellos integrantes del personal acad\u00e9mico y administrativo que presenten una constancia m\u00e9dica expedida por el ISSSTE que justifique la raz\u00f3n por la que no fueron vacunados.<br \/>\n\u00bfCu\u00e1ndo regresar\u00e1n a las aulas los dem\u00e1s alumnos de la UNAM?<br \/>\n\u201cConforme la evoluci\u00f3n de la pandemia lo permita, se incrementar\u00e1n gradualmente el resto de las actividades escolares, para lo cual y con base en los aforos establecidos, la lista de estudiantes asignados a los grupos se dividir\u00e1, procurando la alternancia presencial con la educaci\u00f3n a distancia (semanas o periodos en l\u00ednea con presenciales) de acuerdo a lo que para el efecto determinen las autoridades de las distintas Facultades y Escuelas\u201d.<\/p>\n<p>El regreso ser\u00e1 gradual y apegado a las disposiciones que para el efecto determinen los Consejos T\u00e9cnicos y el Consejo Acad\u00e9mico de Posgrado, con un aforo m\u00e1ximo de 30%, cuando el sem\u00e1foro de riesgo epid\u00e9mico est\u00e9 en color amarillo y se incrementar\u00e1 gradualmente cuando las autoridades sanitarias declaren dicho sem\u00e1foro en color verde.<\/p>\n<p>Para este efecto, deber\u00e1n observarse los nuevos Lineamientos generales para el regreso a las actividades universitarias en el marco de la pandemia de COVID-19, aprobados el 18 de agosto por la Comisi\u00f3n Especial de Seguridad del Consejo Universitario en su Sesi\u00f3n Ordinaria y publicados el 23 de agosto en Gaceta UNAM.<\/p>\n<p>La Universidad insta a la comunidad estudiantil a vacunarse.<br \/>\nLa UNAM exhort\u00f3 a los estudiantes que no hayan sido vacunados a que lo hagan en cuanto les sea posible, \u201cya que esta medida ha demostrado ser altamente efectiva para prevenir enfermedad grave y muerte\u201d.<\/p>\n<p>La Universidad detall\u00f3 que las actividades acad\u00e9micas a las que puedan ser convocados ser\u00e1n aquellas que hayan sido determinadas por los Consejos T\u00e9cnicos respectivos como necesarias para continuar la trayectoria escolar.<\/p>\n<p>En tanto, las y los j\u00f3venes que no hayan sido vacunados, su inscripci\u00f3n y participaci\u00f3n en actividades presenciales ser\u00e1 voluntaria.<\/p>\n<p>\u201cAquellos estudiantes que por razones m\u00e9dicas no puedan ser vacunados deber\u00e1n presentar una constancia emitida por el IMSS; en estos casos, los Consejos T\u00e9cnicos definir\u00e1n alternativas para la acreditaci\u00f3n de las actividades acad\u00e9micas antes mencionadas\u201d.<\/p>\n<p>INF. DE CDMX\/M\u00c9XICO\/UNOTV&#8230;.<\/p>\n","protected":false},"excerpt":{"rendered":"<p>La UNAM exhort\u00f3 a los estudiantes que no hayan sido vacunados a que lo hagan en cuanto les sea posible.<\/p>\n","protected":false},"author":2,"featured_media":30750,"comment_status":"open","ping_status":"open","sticky":false,"template":"","format":"standard","meta":{"colormag_page_container_layout":"default_layout","colormag_page_sidebar_layout":"default_layout","footnotes":""},"categories":[5],"tags":[],"class_list":["post-30747","post","type-post","status-publish","format-standard","has-post-thumbnail","hentry","category-nacional"],"_links":{"self":[{"href":"http:\/\/vocesver.com\/noticias\/wp-json\/wp\/v2\/posts\/30747","targetHints":{"allow":["GET"]}}],"collection":[{"href":"http:\/\/vocesver.com\/noticias\/wp-json\/wp\/v2\/posts"}],"about":[{"href":"http:\/\/vocesver.com\/noticias\/wp-json\/wp\/v2\/types\/post"}],"author":[{"embeddable":true,"href":"http:\/\/vocesver.com\/noticias\/wp-json\/wp\/v2\/users\/2"}],"replies":[{"embeddable":true,"href":"http:\/\/vocesver.com\/noticias\/wp-json\/wp\/v2\/comments?post=30747"}],"version-history":[{"count":3,"href":"http:\/\/vocesver.com\/noticias\/wp-json\/wp\/v2\/posts\/30747\/revisions"}],"predecessor-version":[{"id":30751,"href":"http:\/\/vocesver.com\/noticias\/wp-json\/wp\/v2\/posts\/30747\/revisions\/30751"}],"wp:featuredmedia":[{"embeddable":true,"href":"http:\/\/vocesver.com\/noticias\/wp-json\/wp\/v2\/media\/30750"}],"wp:attachment":[{"href":"http:\/\/vocesver.com\/noticias\/wp-json\/wp\/v2\/media?parent=30747"}],"wp:term":[{"taxonomy":"category","embeddable":true,"href":"http:\/\/vocesver.com\/noticias\/wp-json\/wp\/v2\/categories?post=30747"},{"taxonomy":"post_tag","embeddable":true,"href":"http:\/\/vocesver.com\/noticias\/wp-json\/wp\/v2\/tags?post=30747"}],"curies":[{"name":"wp","href":"https:\/\/api.w.org\/{rel}","templated":true}]}}