{"id":30723,"date":"2021-09-04T16:06:31","date_gmt":"2021-09-04T16:06:31","guid":{"rendered":"http:\/\/vocesver.com\/noticias\/?p=30723"},"modified":"2021-09-04T16:08:55","modified_gmt":"2021-09-04T16:08:55","slug":"antes-de-regresar-a-clases-cuba-vacuna-contra-covid-19-a-ninos-desde-los-2-anos","status":"publish","type":"post","link":"http:\/\/vocesver.com\/noticias\/antes-de-regresar-a-clases-cuba-vacuna-contra-covid-19-a-ninos-desde-los-2-anos\/","title":{"rendered":"Antes de regresar a clases, Cuba vacuna contra COVID-19 a ni\u00f1os desde los 2 a\u00f1os."},"content":{"rendered":"<p>Cuba inici\u00f3 la vacunaci\u00f3n COVID-19 en ni\u00f1os desde los 2 a\u00f1os y en j\u00f3venes hasta los 18, antes de regresar a clases. Foto: Reuters<\/p>\n<p>REDACCI\u00d3N\/VOCESVER.COM\/NOTICIAS<\/p>\n<p>INTERNACIONAL.- A  3 DE SEPTIEMBRE 2021.- DE ACUERDO CON INFORMACI\u00d3N DE LA HABANA;CUBA\/AFP Y REUTERS&#8230;. Con las dosis Abdala y Soberana, el Ministerio de Salud de Cuba inici\u00f3 la vacunaci\u00f3n contra el coronavirus (COVID-19) en ni\u00f1os desde los 2 a\u00f1os y en j\u00f3venes de hasta 18, como un requisito para regresar a las clases presenciales en todo el pa\u00eds.<br \/>\nCuba enfrenta alza de COVID-19 que amenaza su sistema de salud, y es de los pocos pa\u00edses en iniciar vacunaci\u00f3n en ni\u00f1os y j\u00f3venes: la primera fase abarca desde los 12 a\u00f1os en adelante, y la segunda fase, prevista a partir del 15 de septiembre, inmunizar\u00e1 desde los 2 hasta los 11 a\u00f1os.<\/p>\n<p>Vacunaci\u00f3n en Cuba<br \/>\nEl Gobierno prev\u00e9 que el 90% de su poblaci\u00f3n est\u00e9 vacunada para diciembre de 2021<br \/>\nTodos los ni\u00f1os recibir\u00e1n dos dosis de las vacunas creadas por cient\u00edficos cubanos<br \/>\nIleana Morales Su\u00e1rez, ministra de Salud, dijo que la vacunaci\u00f3n se har\u00e1 anualmente, como se hace contra varias enfermedades infantiles. Seg\u00fan estudios del Instituto Finlay, no hay riesgo para los menores, y la eficacia ser\u00eda m\u00e1s fuerte que en los adultos.<br \/>\nLas escuelas de Cuba est\u00e1n cerradas desde marzo de 2020 y abrieron brevemente por algunas semanas a fin de ese a\u00f1o; estudiantes siguen cursos por televisi\u00f3n. En entrevista para AFP, Laura Lantigua (17 a\u00f1os), que estudia en el liceo Sa\u00fal Delgado de La Habana, coment\u00f3:<br \/>\n\u201cYo siempre quise vacunarme (contra el COVID-19). Esper\u00e9 durante una hora para ver si ten\u00eda alguna reacci\u00f3n. Me sent\u00ed normal, todo bien\u201d.<\/p>\n<p>Ni\u00f1os a la escuela<br \/>\nPor su parte, Ronald Mart\u00ednez, quien acaba de cumplir 18 a\u00f1os, opin\u00f3 sobre la vacunaci\u00f3n en Cuba:<\/p>\n<p>\u201cEs una experiencia satisfactoria. Es bueno sentir que, estando vacunados, podemos volver a tener vida social, y volver a tener las relaciones que perdimos hace dos a\u00f1os ya\u201d.<\/p>\n<p>Los cubanos est\u00e1n desesperados porque los ni\u00f1os vuelvan a la escuela tras meses de educaci\u00f3n en el hogar. Cuba quiere controlar la enfermedad a tiempo para la temporada tur\u00edstica que comienza en noviembre: ese sector es el que m\u00e1s divisas genera al pa\u00eds caribe\u00f1o.<\/p>\n<p>INF. DE LA HABANA,CUBA\/AFP\/REUTERS&#8230;..<\/p>\n","protected":false},"excerpt":{"rendered":"<p>Cuba inici\u00f3 la vacunaci\u00f3n COVID-19 en ni\u00f1os desde los 2 a\u00f1os y en j\u00f3venes hasta los 18, antes de regresar<\/p>\n","protected":false},"author":2,"featured_media":30724,"comment_status":"open","ping_status":"open","sticky":false,"template":"","format":"standard","meta":{"colormag_page_container_layout":"default_layout","colormag_page_sidebar_layout":"default_layout","footnotes":""},"categories":[6],"tags":[],"class_list":["post-30723","post","type-post","status-publish","format-standard","has-post-thumbnail","hentry","category-internacional"],"_links":{"self":[{"href":"http:\/\/vocesver.com\/noticias\/wp-json\/wp\/v2\/posts\/30723","targetHints":{"allow":["GET"]}}],"collection":[{"href":"http:\/\/vocesver.com\/noticias\/wp-json\/wp\/v2\/posts"}],"about":[{"href":"http:\/\/vocesver.com\/noticias\/wp-json\/wp\/v2\/types\/post"}],"author":[{"embeddable":true,"href":"http:\/\/vocesver.com\/noticias\/wp-json\/wp\/v2\/users\/2"}],"replies":[{"embeddable":true,"href":"http:\/\/vocesver.com\/noticias\/wp-json\/wp\/v2\/comments?post=30723"}],"version-history":[{"count":1,"href":"http:\/\/vocesver.com\/noticias\/wp-json\/wp\/v2\/posts\/30723\/revisions"}],"predecessor-version":[{"id":30725,"href":"http:\/\/vocesver.com\/noticias\/wp-json\/wp\/v2\/posts\/30723\/revisions\/30725"}],"wp:featuredmedia":[{"embeddable":true,"href":"http:\/\/vocesver.com\/noticias\/wp-json\/wp\/v2\/media\/30724"}],"wp:attachment":[{"href":"http:\/\/vocesver.com\/noticias\/wp-json\/wp\/v2\/media?parent=30723"}],"wp:term":[{"taxonomy":"category","embeddable":true,"href":"http:\/\/vocesver.com\/noticias\/wp-json\/wp\/v2\/categories?post=30723"},{"taxonomy":"post_tag","embeddable":true,"href":"http:\/\/vocesver.com\/noticias\/wp-json\/wp\/v2\/tags?post=30723"}],"curies":[{"name":"wp","href":"https:\/\/api.w.org\/{rel}","templated":true}]}}