{"id":30714,"date":"2021-09-03T15:09:04","date_gmt":"2021-09-03T15:09:04","guid":{"rendered":"http:\/\/vocesver.com\/noticias\/?p=30714"},"modified":"2021-09-03T15:10:41","modified_gmt":"2021-09-03T15:10:41","slug":"otro-oro-para-mexico-juan-diego-garcia-gana-en-el-taekwondo-en-paralimpicos","status":"publish","type":"post","link":"http:\/\/vocesver.com\/noticias\/otro-oro-para-mexico-juan-diego-garcia-gana-en-el-taekwondo-en-paralimpicos\/","title":{"rendered":"\u00a1Otro oro para M\u00e9xico! Juan Diego Garc\u00eda gana en el taekwondo en Paral\u00edmpicos"},"content":{"rendered":"<p>Juan Diego Garc\u00eda consigue la primera medalla de oro para M\u00e9xico en el debut del taekwondo en unos Juegos Paral\u00edmpicos. Foto: Conade<\/p>\n<p>REDACCI\u00d3N\/VOCESVER.COM\/NOTICIAS<\/p>\n<p>INTERNACIONAL.(DEPORTES)&#8230;A 3 DE SEPTIEMBRE 2021.- DE ACUERDO CON INFORNACI\u00d3N DE UNOTV.COM&#8230;.Juan Diego Garc\u00eda consigue la primera medalla de oro para M\u00e9xico en uno Juegos Paral\u00edmpicos en el debut del taekwondo en Tokio 2020, el mexicano derrot\u00f3 a Mahdi Pourrahnamaahmadgourabi de Ir\u00e1n 26-20 en la final clase K44, categor\u00eda -75 kilogramos.<br \/>\nEn el primer round hubo empate a seis puntos, pero el mexicano Garc\u00eda logr\u00f3 14 puntos en el segundo, por seis de su contrincante. El tercer round volvi\u00f3 a ser muy cerrado, y aunque termin\u00f3 6-8 a favor del iran\u00ed, Juan Diego Garc\u00eda se llev\u00f3 la medalla de oro con un marcador final de 26-20.<\/p>\n<p>Para llegar a la disputa de medallas, Garc\u00eda L\u00f3pez super\u00f3 Abulfaz Abuzarli de Azerbaiy\u00e1n en los cuartos de final y al ruso Magomedzagir Isaldibirov en la semifinal.<br \/>\nEsta medalla es la n\u00famero 21 para M\u00e9xico en los Juegos Paral\u00edmpicos Tokio 2020 (7 oros, 2 platas y 12 bronces) con lo que la delegaci\u00f3n azteca se ubica en el n\u00famero 18 del medallero.<\/p>\n<p>INF. DE UNOTV.COM&#8230;&#8230;<\/p>\n","protected":false},"excerpt":{"rendered":"<p>Juan Diego Garc\u00eda consigue la primera medalla de oro para M\u00e9xico en el debut del taekwondo en unos Juegos Paral\u00edmpicos.<\/p>\n","protected":false},"author":2,"featured_media":30716,"comment_status":"open","ping_status":"open","sticky":false,"template":"","format":"standard","meta":{"colormag_page_container_layout":"default_layout","colormag_page_sidebar_layout":"default_layout","footnotes":""},"categories":[6],"tags":[],"class_list":["post-30714","post","type-post","status-publish","format-standard","has-post-thumbnail","hentry","category-internacional"],"_links":{"self":[{"href":"http:\/\/vocesver.com\/noticias\/wp-json\/wp\/v2\/posts\/30714","targetHints":{"allow":["GET"]}}],"collection":[{"href":"http:\/\/vocesver.com\/noticias\/wp-json\/wp\/v2\/posts"}],"about":[{"href":"http:\/\/vocesver.com\/noticias\/wp-json\/wp\/v2\/types\/post"}],"author":[{"embeddable":true,"href":"http:\/\/vocesver.com\/noticias\/wp-json\/wp\/v2\/users\/2"}],"replies":[{"embeddable":true,"href":"http:\/\/vocesver.com\/noticias\/wp-json\/wp\/v2\/comments?post=30714"}],"version-history":[{"count":1,"href":"http:\/\/vocesver.com\/noticias\/wp-json\/wp\/v2\/posts\/30714\/revisions"}],"predecessor-version":[{"id":30715,"href":"http:\/\/vocesver.com\/noticias\/wp-json\/wp\/v2\/posts\/30714\/revisions\/30715"}],"wp:featuredmedia":[{"embeddable":true,"href":"http:\/\/vocesver.com\/noticias\/wp-json\/wp\/v2\/media\/30716"}],"wp:attachment":[{"href":"http:\/\/vocesver.com\/noticias\/wp-json\/wp\/v2\/media?parent=30714"}],"wp:term":[{"taxonomy":"category","embeddable":true,"href":"http:\/\/vocesver.com\/noticias\/wp-json\/wp\/v2\/categories?post=30714"},{"taxonomy":"post_tag","embeddable":true,"href":"http:\/\/vocesver.com\/noticias\/wp-json\/wp\/v2\/tags?post=30714"}],"curies":[{"name":"wp","href":"https:\/\/api.w.org\/{rel}","templated":true}]}}