{"id":30692,"date":"2021-09-02T16:11:58","date_gmt":"2021-09-02T16:11:58","guid":{"rendered":"http:\/\/vocesver.com\/noticias\/?p=30692"},"modified":"2021-09-02T16:12:13","modified_gmt":"2021-09-02T16:12:13","slug":"ocho-muertos-tras-inundaciones-en-nueva-york-causadas-por-tormenta-ida","status":"publish","type":"post","link":"http:\/\/vocesver.com\/noticias\/ocho-muertos-tras-inundaciones-en-nueva-york-causadas-por-tormenta-ida\/","title":{"rendered":"Ocho muertos tras inundaciones en Nueva York causadas por tormenta Ida."},"content":{"rendered":"<p>Se declar\u00f3 \u201cestado de emergencia\u201d en Nueva York y Nueva Jersey. Foto: AFP<\/p>\n<p>REDACCI\u00d3N\/VOCESVER.COM\/NOTIICIAS<\/p>\n<p>INTERNACIONAL.A 2 DE SEPTIEMBRE 2021.- DE ACUERDO CON INFORMACI\u00d3N DE AGENCIAS\/AFP&#8230;.Al menos ocho personas murieron en Nueva York por s\u00fabitas inundaciones el mi\u00e9rcoles por la noche tras las lluvias torrenciales provocadas por la tormenta Ida, que dej\u00f3 a su paso inundaciones y escenas de caos en el noreste de Estados Unidos.<br \/>\nCon estas ocho muertes registradas en Nueva York, confirmadas por fuentes policiales, se eleva a por lo menos 16 el n\u00famero total de v\u00edctimas fatales desde que Ida toc\u00f3 tierra el domingo en Luisiana (sur).<\/p>\n<p>Las calles se convirtieron en r\u00edos en algunas partes de la capital comercial y cultural de Estados Unidos.<\/p>\n<p>TE PUEDE INTERESAR: As\u00ed se ve el hurac\u00e1n Ida desde el espacio<\/p>\n<p>Las estaciones de metro tambi\u00e9n estaban inundadas y el servicio tuvo que interrumpirse, seg\u00fan la Autoridad Metropolitana de Transporte, que gestiona el sistema de transporte p\u00fablico de Nueva York.<\/p>\n<p>El Servicio Meteorol\u00f3gico de Estados Unidos (NWS) registr\u00f3 un r\u00e9cord hist\u00f3rico de 80 mm de lluvia en una hora en Central Park.<\/p>\n<p>Declaran estado de emergencia en Nueva York<br \/>\nEn plena noche, la nueva gobernadora del estado de Nueva York, Kathy Hochul, declar\u00f3 el \u201cestado de emergencia\u201d tras las \u201cimportantes\u201d inundaciones en todos los condados lim\u00edtrofes con la ciudad de Nueva York, que podr\u00edan afectar a unos 20 millones de personas.<\/p>\n<p>Bill de Blasio, el alcalde saliente de la ciudad de Nueva York, deplor\u00f3 en un tuit un \u201cacontecimiento meteorol\u00f3gico hist\u00f3rico\u201d y declar\u00f3 tambi\u00e9n el \u201cestado de emergencia\u201d.<\/p>\n<p>TE PUEDE INTERESAR:Video: desde el aire, as\u00ed se ve ojo de poderoso hurac\u00e1n Ida.<br \/>\nCientos de vuelos cancelados<br \/>\nCientos de vuelos fueron cancelados en los aeropuertos neoyorquinos de Newark, LaGuardia y JFK. Un v\u00eddeo mostraba a una terminal inundada en Newark.<\/p>\n<p>Seg\u00fan el Servicio Meteorol\u00f3gico Nacional estadounidense (NWS), es el primer estado de emergencia por inundaciones repentinas que se declara en la historia de la megal\u00f3polis, golpeada en octubre de 2012 por el hurac\u00e1n Sandy.<\/p>\n<p>La lluvia comenz\u00f3 a caer a las 21:30 hora local    y seg\u00fan varios v\u00eddeos publicados en Twitter por el NWS las calles de Brooklyn y Queens estaban inundadas, haciendo imposible el tr\u00e1fico.<\/p>\n<p>\u201cNo conduzca por las calles inundadas. No sabemos qu\u00e9 profundidad tiene y es muy peligroso. D\u00e9 media vuelta\u201d, inst\u00f3 el servicio meteorol\u00f3gico.<\/p>\n<p>Las fuertes lluvias y los vientos tambi\u00e9n barrieron el condado de Westchester, al norte de Nueva York, y muchos s\u00f3tanos de casas se inundaron en cuesti\u00f3n de minutos, con al menos 50 cent\u00edmetros de agua.<\/p>\n<p>Nueva Jersey declar\u00f3 emergencia<br \/>\nEl gobernador de Nueva Jersey, Phil Murphy, declar\u00f3 tambi\u00e9n el estado de emergencia debido a las lluvias torrenciales que dejaron un muerto.<\/p>\n<p>Adem\u00e1s de Nueva York y sus alrededores, se emiti\u00f3 una alerta de tornado en Filadelfia.<\/p>\n<p>\u201cBusquen refugio AHORA. Los objetos que vuelan ser\u00e1n peligrosos para aquellos que son sorprendidos sin refugio. Mu\u00e9vanse a una planta m\u00e1s baja y permanezcan lejos de las ventanas\u201d, tuite\u00f3 de su lado la oficina de informaci\u00f3n de emergencias de la ciudad de Nueva York.<\/p>\n<p>INF. D AGENCIAS\/AFP&#8230;.<\/p>\n","protected":false},"excerpt":{"rendered":"<p>Se declar\u00f3 \u201cestado de emergencia\u201d en Nueva York y Nueva Jersey. Foto: AFP REDACCI\u00d3N\/VOCESVER.COM\/NOTIICIAS INTERNACIONAL.A 2 DE SEPTIEMBRE 2021.- DE<\/p>\n","protected":false},"author":2,"featured_media":30693,"comment_status":"open","ping_status":"open","sticky":false,"template":"","format":"standard","meta":{"colormag_page_container_layout":"default_layout","colormag_page_sidebar_layout":"default_layout","footnotes":""},"categories":[6],"tags":[],"class_list":["post-30692","post","type-post","status-publish","format-standard","has-post-thumbnail","hentry","category-internacional"],"_links":{"self":[{"href":"http:\/\/vocesver.com\/noticias\/wp-json\/wp\/v2\/posts\/30692","targetHints":{"allow":["GET"]}}],"collection":[{"href":"http:\/\/vocesver.com\/noticias\/wp-json\/wp\/v2\/posts"}],"about":[{"href":"http:\/\/vocesver.com\/noticias\/wp-json\/wp\/v2\/types\/post"}],"author":[{"embeddable":true,"href":"http:\/\/vocesver.com\/noticias\/wp-json\/wp\/v2\/users\/2"}],"replies":[{"embeddable":true,"href":"http:\/\/vocesver.com\/noticias\/wp-json\/wp\/v2\/comments?post=30692"}],"version-history":[{"count":1,"href":"http:\/\/vocesver.com\/noticias\/wp-json\/wp\/v2\/posts\/30692\/revisions"}],"predecessor-version":[{"id":30694,"href":"http:\/\/vocesver.com\/noticias\/wp-json\/wp\/v2\/posts\/30692\/revisions\/30694"}],"wp:featuredmedia":[{"embeddable":true,"href":"http:\/\/vocesver.com\/noticias\/wp-json\/wp\/v2\/media\/30693"}],"wp:attachment":[{"href":"http:\/\/vocesver.com\/noticias\/wp-json\/wp\/v2\/media?parent=30692"}],"wp:term":[{"taxonomy":"category","embeddable":true,"href":"http:\/\/vocesver.com\/noticias\/wp-json\/wp\/v2\/categories?post=30692"},{"taxonomy":"post_tag","embeddable":true,"href":"http:\/\/vocesver.com\/noticias\/wp-json\/wp\/v2\/tags?post=30692"}],"curies":[{"name":"wp","href":"https:\/\/api.w.org\/{rel}","templated":true}]}}