{"id":30670,"date":"2021-08-31T18:32:54","date_gmt":"2021-08-31T18:32:54","guid":{"rendered":"http:\/\/vocesver.com\/noticias\/?p=30670"},"modified":"2021-08-31T18:34:05","modified_gmt":"2021-08-31T18:34:05","slug":"veracruz-puerto-muy-cerca-de-los-2-mil-muertos-por-covid","status":"publish","type":"post","link":"http:\/\/vocesver.com\/noticias\/veracruz-puerto-muy-cerca-de-los-2-mil-muertos-por-covid\/","title":{"rendered":"Veracruz puerto muy cerca de los 2 mil muertos por Covid."},"content":{"rendered":"<p>REDACCI\u00d3N\/VOCESVR.COM\/NOTICIAS<\/p>\n<p>Veracruz,Ver,. a 31 de Agosto 2021.&#8212;&#8211;De acuerdo a los datos oficiales de la Secretar\u00eda de Salud estatal de Veracruz, en su \u00faltimo reporte, se\u00f1ala que el municipio de Veracruz presenta 1, 994 casos de personas que han perdido la vida por el Covid-19.<\/p>\n<p>Cabe se\u00f1alar, que el municipio conurbado es la ciudad que m\u00e1s casos activos, acumulados, as\u00ed como de muertos por el virus presenta en la entidad veracruzana.<\/p>\n<p>Por otra parte, el total de casos acumulados por el nuevo coronavirus es de 21 mil 511 casos confirmados por laboratorio.<\/p>\n<p>La Tercera Ola del Covid ha pegado nuevamente fuerte al municipio de Veracruz, imponiendo nuevos r\u00e9cords a la estad\u00edstica estatal.<\/p>\n","protected":false},"excerpt":{"rendered":"<p>REDACCI\u00d3N\/VOCESVR.COM\/NOTICIAS Veracruz,Ver,. a 31 de Agosto 2021.&#8212;&#8211;De acuerdo a los datos oficiales de la Secretar\u00eda de Salud estatal de Veracruz,<\/p>\n","protected":false},"author":2,"featured_media":30672,"comment_status":"open","ping_status":"open","sticky":false,"template":"","format":"standard","meta":{"colormag_page_container_layout":"default_layout","colormag_page_sidebar_layout":"default_layout","footnotes":""},"categories":[2],"tags":[],"class_list":["post-30670","post","type-post","status-publish","format-standard","has-post-thumbnail","hentry","category-infogral"],"_links":{"self":[{"href":"http:\/\/vocesver.com\/noticias\/wp-json\/wp\/v2\/posts\/30670","targetHints":{"allow":["GET"]}}],"collection":[{"href":"http:\/\/vocesver.com\/noticias\/wp-json\/wp\/v2\/posts"}],"about":[{"href":"http:\/\/vocesver.com\/noticias\/wp-json\/wp\/v2\/types\/post"}],"author":[{"embeddable":true,"href":"http:\/\/vocesver.com\/noticias\/wp-json\/wp\/v2\/users\/2"}],"replies":[{"embeddable":true,"href":"http:\/\/vocesver.com\/noticias\/wp-json\/wp\/v2\/comments?post=30670"}],"version-history":[{"count":1,"href":"http:\/\/vocesver.com\/noticias\/wp-json\/wp\/v2\/posts\/30670\/revisions"}],"predecessor-version":[{"id":30671,"href":"http:\/\/vocesver.com\/noticias\/wp-json\/wp\/v2\/posts\/30670\/revisions\/30671"}],"wp:featuredmedia":[{"embeddable":true,"href":"http:\/\/vocesver.com\/noticias\/wp-json\/wp\/v2\/media\/30672"}],"wp:attachment":[{"href":"http:\/\/vocesver.com\/noticias\/wp-json\/wp\/v2\/media?parent=30670"}],"wp:term":[{"taxonomy":"category","embeddable":true,"href":"http:\/\/vocesver.com\/noticias\/wp-json\/wp\/v2\/categories?post=30670"},{"taxonomy":"post_tag","embeddable":true,"href":"http:\/\/vocesver.com\/noticias\/wp-json\/wp\/v2\/tags?post=30670"}],"curies":[{"name":"wp","href":"https:\/\/api.w.org\/{rel}","templated":true}]}}