{"id":30666,"date":"2021-08-31T18:15:19","date_gmt":"2021-08-31T18:15:19","guid":{"rendered":"http:\/\/vocesver.com\/noticias\/?p=30666"},"modified":"2021-08-31T18:15:29","modified_gmt":"2021-08-31T18:15:29","slug":"union-europea-alcanza-objetivo-70-de-los-adultos-ya-estan-vacunados-contra-covid-19","status":"publish","type":"post","link":"http:\/\/vocesver.com\/noticias\/union-europea-alcanza-objetivo-70-de-los-adultos-ya-estan-vacunados-contra-covid-19\/","title":{"rendered":"Uni\u00f3n Europea alcanza objetivo: 70% de los adultos ya est\u00e1n vacunados contra COVID-19."},"content":{"rendered":"<p>La Uni\u00f3n Europea ha autorizado cuatro vacunas contra el COVID-19. | Foto: AFP<\/p>\n<p>REDACCI\u00d3N\/VOCESVER.COM\/NOTICIAS<\/p>\n<p>INTERNACIONAL.- A 31 DE AGOSTO 2021.- DE ACUERDO CON INFORMACI\u00d3N DE AGENCIAS\/EUROPA\/AFP&#8230;.El 70% de las personas adultas ya est\u00e1n vacunadas contra el COVID-19 en pa\u00edses que integran la Uni\u00f3n Europea (UE).<br \/>\nLa Uni\u00f3n Europea alcanz\u00f3 su objetivo de vacunar completamente al 70% de su poblaci\u00f3n adulta contra el COVID-19, inform\u00f3 el martes la presidenta de la Comisi\u00f3n Europea, Ursula von der Leyen.<\/p>\n<p>\u201cLa vacunaci\u00f3n completa del 70% de los adultos en la UE ya en agosto es un gran logro\u201d, se\u00f1al\u00f3 Von der Leyen. \u201cNecesitamos que m\u00e1s europeos se vacunen. Y tambi\u00e9n debemos ayudar al resto del mundo a vacunar\u201d, agreg\u00f3 la responsable en un mensaje en Twitter.<\/p>\n<p>As\u00ed lo inform\u00f3 la presidenta de la Comisi\u00f3n Europea:<br \/>\nLa estrategia de la UE de avanzar juntos est\u00e1 dando sus frutos y poniendo a Europa a la vanguardia de la lucha mundial contra el COVID-19. Pero la pandemia no ha terminado. Necesitamos m\u00e1s\u201d, apunt\u00f3 la funcionaria en un comunicado.<\/p>\n<p>Uni\u00f3n Europea apoyar\u00e1 a pa\u00edses de ingresos bajos<br \/>\nDe acuerdo con Von der Leyen, \u201cEuropa seguir\u00e1 apoyando a sus socios en este esfuerzo, en particular a los pa\u00edses de ingresos bajos y medios\u201d.<br \/>\nPor su parte, la comisaria europea de Sanidad, Stella Kyriakides, destac\u00f3 que \u201ces un logro colectivo de la UE y sus Estados miembros que muestra lo que es posible cuando trabajamos juntos con solidaridad y en coordinaci\u00f3n\u201d.<\/p>\n<p>\u201cContinuaremos apoyando en particular a aquellos Estados Miembros que contin\u00faan enfrent\u00e1ndose a desaf\u00edos. Necesitamos cerrar la brecha de inmunidad y la puerta a nuevas variantes\u201d, a\u00f1adi\u00f3.<\/p>\n<p>TAMBI\u00c9N PUEDES LEER: Muertes por COVID en Europa van en aumento, en diciembre podr\u00edan ser 236 mil: OMS<br \/>\nLa Uni\u00f3n Europea ha autorizado cuatro vacunas contra el COVID-19: las desarrolladas por Pfizer-Biontech, Astrazeneca, Moderna (todas de dos dosis) y Johnson &#038; Johnson (de dosis \u00fanica).<\/p>\n<p>De acuerdo con la Comisi\u00f3n Europea, \u201cla UE ha exportado aproximadamente la mitad de las vacunas producidas en Europa a otros pa\u00edses del mundo, tanto como las que ha entregado a sus ciudadanos\u201d<\/p>\n<p>INF. DE AGENCIAS\/EUROPA\/AFP&#8230;.<\/p>\n","protected":false},"excerpt":{"rendered":"<p>La Uni\u00f3n Europea ha autorizado cuatro vacunas contra el COVID-19. | Foto: AFP REDACCI\u00d3N\/VOCESVER.COM\/NOTICIAS INTERNACIONAL.- A 31 DE AGOSTO 2021.-<\/p>\n","protected":false},"author":2,"featured_media":30667,"comment_status":"open","ping_status":"open","sticky":false,"template":"","format":"standard","meta":{"colormag_page_container_layout":"default_layout","colormag_page_sidebar_layout":"default_layout","footnotes":""},"categories":[6],"tags":[],"class_list":["post-30666","post","type-post","status-publish","format-standard","has-post-thumbnail","hentry","category-internacional"],"_links":{"self":[{"href":"http:\/\/vocesver.com\/noticias\/wp-json\/wp\/v2\/posts\/30666","targetHints":{"allow":["GET"]}}],"collection":[{"href":"http:\/\/vocesver.com\/noticias\/wp-json\/wp\/v2\/posts"}],"about":[{"href":"http:\/\/vocesver.com\/noticias\/wp-json\/wp\/v2\/types\/post"}],"author":[{"embeddable":true,"href":"http:\/\/vocesver.com\/noticias\/wp-json\/wp\/v2\/users\/2"}],"replies":[{"embeddable":true,"href":"http:\/\/vocesver.com\/noticias\/wp-json\/wp\/v2\/comments?post=30666"}],"version-history":[{"count":1,"href":"http:\/\/vocesver.com\/noticias\/wp-json\/wp\/v2\/posts\/30666\/revisions"}],"predecessor-version":[{"id":30668,"href":"http:\/\/vocesver.com\/noticias\/wp-json\/wp\/v2\/posts\/30666\/revisions\/30668"}],"wp:featuredmedia":[{"embeddable":true,"href":"http:\/\/vocesver.com\/noticias\/wp-json\/wp\/v2\/media\/30667"}],"wp:attachment":[{"href":"http:\/\/vocesver.com\/noticias\/wp-json\/wp\/v2\/media?parent=30666"}],"wp:term":[{"taxonomy":"category","embeddable":true,"href":"http:\/\/vocesver.com\/noticias\/wp-json\/wp\/v2\/categories?post=30666"},{"taxonomy":"post_tag","embeddable":true,"href":"http:\/\/vocesver.com\/noticias\/wp-json\/wp\/v2\/tags?post=30666"}],"curies":[{"name":"wp","href":"https:\/\/api.w.org\/{rel}","templated":true}]}}