{"id":30649,"date":"2021-08-30T16:12:15","date_gmt":"2021-08-30T16:12:15","guid":{"rendered":"http:\/\/vocesver.com\/noticias\/?p=30649"},"modified":"2021-08-30T16:13:59","modified_gmt":"2021-08-30T16:13:59","slug":"la-escuela-es-insustituible-es-el-segundo-hogar-amlo-al-encabezar-banderazo-por-regreso-a-clases","status":"publish","type":"post","link":"http:\/\/vocesver.com\/noticias\/la-escuela-es-insustituible-es-el-segundo-hogar-amlo-al-encabezar-banderazo-por-regreso-a-clases\/","title":{"rendered":"La escuela es insustituible, es el segundo hogar: AMLO al encabezar banderazo por regreso a clases."},"content":{"rendered":"<p>L\u00f3pez Obrador destac\u00f3 que en las 32 entidades federativas se est\u00e1 iniciando el nuevo ciclo escolar y en esta semana se ir\u00e1 mejorando y normalizando. | Foto: Cuartoscuro<\/p>\n<p>REDACCI\u00d3N\/VOCESVER.COM\/NOTICIAS<\/p>\n<p>NACIONAL.- A 30 DE AGOSTO 2021.- DE ACUERDO CON INFORMACI\u00d3N DE CDMX\/M\u00c9XICO\/UNOTV&#8230;..El presidente Andr\u00e9s Manuel L\u00f3pez Obrador (AMLO) dio la bienvenida y felicit\u00f3 a ni\u00f1as, ni\u00f1os, maestras, maestros y a la comunidad educativa por tomar la decisi\u00f3n de regresar a clases este lunes 30 de agosto de 2021 e iniciar el nuevo ciclo escolar 2021-2022.<br \/>\nDurante su conferencia de prensa, el presidente L\u00f3pez Obrador estableci\u00f3 comunicaci\u00f3n con los gobernadores de distintos estados de la Rep\u00fablica Mexicana para dar el banderazo por el inicio del ciclo escolar 2021-2022.<\/p>\n<p>El mandatario agradeci\u00f3 a madres, padres de familia, personal ac\u00e1demico, por hacer posible el regreso a clases.<\/p>\n<p>AMLO recalc\u00f3 que el regreso a clases forma parte de un proceso, el cual deber\u00e1 ir acompa\u00f1ado de la vacunaci\u00f3n para frenar los contagios de COVID-19.<br \/>\nDesde Palacio Nacional, el presidente de M\u00e9xico recalc\u00f3 la importancia de cuidar a ni\u00f1as y ni\u00f1os e inst\u00f3 a los m\u00e9dicos a que est\u00e9n atentos de ellos.<\/p>\n<p>Tambi\u00e9n reiter\u00f3 la importancia de que exista comunicaci\u00f3n entre el sector salud y el sector acad\u00e9mico para evitar contagios.<\/p>\n<p>AMLO dijo que est\u00e1 demostrado que ni\u00f1as y ni\u00f1os son los que tienen menos riesgos de contraer la enfermedad.<br \/>\nAs\u00ed inician ciclo escolar 2021-2022 en algunos estados del pa\u00eds<br \/>\nPor su parte, la jefa de Gobierno de la Ciudad de M\u00e9xico, Claudia Sheinbaum, inform\u00f3 que en la capital del pa\u00eds el 95%  de las escuelas est\u00e1n funcionando y aplicando los protocolos de salud.<\/p>\n<p>En el estado de M\u00e9xico, el gobernador Alfredo del Mazo, inform\u00f3 que este lunes 30 de agosto regresaron a clases m\u00e1s de 4.5 millones de alumnos entre j\u00f3venes de educaci\u00f3n Media Superior y ni\u00f1os de Educaci\u00f3n B\u00e1sica.<\/p>\n<p>El gobernador agradeci\u00f3 al magisterio mexiquense, madres y padres de familia, comit\u00e9s de salud y Protecci\u00f3n Civil para que alumnas y alumnos tengan un regreso seguro a clases.<\/p>\n<p>En Guanajuato, m\u00e1s de 12 mil escuelas de todos los niveles abrieron este lunes para recibir a m\u00e1s de un mill\u00f3n 693 mil estudiantes; 4 mil escuelas de preescolar, 4 mil 400 primarias y mil 700 secundarias.<br \/>\nPor su parte, el gobernador de Chihuahua, Javier Corral, inform\u00f3 que la entidad volver\u00e1n a clases 717 mil estudiantes de educaci\u00f3n b\u00e1sica y 32 mil maestros.<\/p>\n<p>En Aguascalientes, este d\u00eda regresar\u00e1n a clases 293 mil ni\u00f1os de mil 258 escuelas.<\/p>\n<p>El gobernador de Puebla, Miguel Barbosa, inform\u00f3 que un mill\u00f3n 700 mil estudiantes regresar\u00e1n a clases de manera presencial en 18 mil escuelas p\u00fablicas y privadas de todo el estado.<\/p>\n<p>Por otra parte, Enrique Alfaro, gobernador del estado de Jalisco, dio a conocer que este lunes 30 de agosto regresar\u00e1n a clases presenciales un mill\u00f3n 610 mil alumnos de Educaci\u00f3n B\u00e1sica.<\/p>\n<p>Destac\u00f3 que alumnos de Educaci\u00f3n Media Superior comenzaron clases el lunes 23 de agosto.  <\/p>\n<p>Regreso a clases es voluntario: AMLO<br \/>\nL\u00f3pez Obrador reiter\u00f3 la importancia de que este regreso a clases es de manera voluntaria y no es por la fuerza.<br \/>\nDetall\u00f3 que tanto madres, padres de familia y ni\u00f1os deber\u00e1n tomar la decisi\u00f3n de asistir a la escuela.<\/p>\n<p>Dijo que la educaci\u00f3n es compartida y \u00e9sta tiene que ver con los sentimientos que se expresan entre ni\u00f1as, ni\u00f1os.<\/p>\n<p>\u201cLa escuela es insustituible, es el segundo hogar; en la escuela no s\u00f3lo se reciben los conocimientos, es un centro de convivencia; la educaci\u00f3n es compartida, tiene que ver con los sentimientos que se expresan. A veces hay problemas en las familias y se llega triste a la escuela y ah\u00ed se cuenta lo que se est\u00e1 sufriendo y se encuentra aliento, solidaridad, de ni\u00f1as de ni\u00f1os, por eso es muy importante el d\u00eda de hoy, porque es mantener esta comunicaci\u00f3n en todas las escuelas de M\u00e9xico\u2026 la escuela es insustituible, es lo mejor que hay\u201d.<\/p>\n<p>L\u00f3pez Obrador destac\u00f3 que en las 32 entidades federativas se est\u00e1 iniciando el nuevo ciclo escolar y en esta semana se ir\u00e1 mejorando y normalizando.<\/p>\n<p>\u201cY vamos a seguir mejorando la situaci\u00f3n de las instalaciones educativas\u201d<\/p>\n<p>El presidente reconoci\u00f3 el esfuerzo de la comunidad educativa de las escuelas particulares y celebr\u00f3 que estos planteles tambi\u00e9n hayan iniciado clases.<\/p>\n<p>INF. DE CDMX\/M\u00c9XICO\/UNOTV&#8230;..<\/p>\n","protected":false},"excerpt":{"rendered":"<p>L\u00f3pez Obrador destac\u00f3 que en las 32 entidades federativas se est\u00e1 iniciando el nuevo ciclo escolar y en esta semana<\/p>\n","protected":false},"author":2,"featured_media":30650,"comment_status":"open","ping_status":"open","sticky":false,"template":"","format":"standard","meta":{"colormag_page_container_layout":"default_layout","colormag_page_sidebar_layout":"default_layout","footnotes":""},"categories":[5],"tags":[],"class_list":["post-30649","post","type-post","status-publish","format-standard","has-post-thumbnail","hentry","category-nacional"],"_links":{"self":[{"href":"http:\/\/vocesver.com\/noticias\/wp-json\/wp\/v2\/posts\/30649","targetHints":{"allow":["GET"]}}],"collection":[{"href":"http:\/\/vocesver.com\/noticias\/wp-json\/wp\/v2\/posts"}],"about":[{"href":"http:\/\/vocesver.com\/noticias\/wp-json\/wp\/v2\/types\/post"}],"author":[{"embeddable":true,"href":"http:\/\/vocesver.com\/noticias\/wp-json\/wp\/v2\/users\/2"}],"replies":[{"embeddable":true,"href":"http:\/\/vocesver.com\/noticias\/wp-json\/wp\/v2\/comments?post=30649"}],"version-history":[{"count":1,"href":"http:\/\/vocesver.com\/noticias\/wp-json\/wp\/v2\/posts\/30649\/revisions"}],"predecessor-version":[{"id":30651,"href":"http:\/\/vocesver.com\/noticias\/wp-json\/wp\/v2\/posts\/30649\/revisions\/30651"}],"wp:featuredmedia":[{"embeddable":true,"href":"http:\/\/vocesver.com\/noticias\/wp-json\/wp\/v2\/media\/30650"}],"wp:attachment":[{"href":"http:\/\/vocesver.com\/noticias\/wp-json\/wp\/v2\/media?parent=30649"}],"wp:term":[{"taxonomy":"category","embeddable":true,"href":"http:\/\/vocesver.com\/noticias\/wp-json\/wp\/v2\/categories?post=30649"},{"taxonomy":"post_tag","embeddable":true,"href":"http:\/\/vocesver.com\/noticias\/wp-json\/wp\/v2\/tags?post=30649"}],"curies":[{"name":"wp","href":"https:\/\/api.w.org\/{rel}","templated":true}]}}