{"id":30646,"date":"2021-08-30T16:01:37","date_gmt":"2021-08-30T16:01:37","guid":{"rendered":"http:\/\/vocesver.com\/noticias\/?p=30646"},"modified":"2021-08-30T16:01:43","modified_gmt":"2021-08-30T16:01:43","slug":"muertes-por-covid-en-europa-van-en-aumento-en-diciembre-podrian-ser-236-mil-oms","status":"publish","type":"post","link":"http:\/\/vocesver.com\/noticias\/muertes-por-covid-en-europa-van-en-aumento-en-diciembre-podrian-ser-236-mil-oms\/","title":{"rendered":"Muertes por COVID en Europa van en aumento, en diciembre podr\u00edan ser 236 mil: OMS"},"content":{"rendered":"<p>La pandemia de nuevo coronavirus ha provocado al menos 4.500.620 muertos en el mundo desde que la oficina de la OMS en China dio cuenta de la aparici\u00f3n de la enfermedad en diciembre de 2019. | Foto: AFP<\/p>\n<p>REDACCI\u00d3N\/VOCESVER.COM\/NOTICIAS<\/p>\n<p>INTERNACIONAL- A 30 DE AGOSTO 2021.-DE ACUERDO CON INFORMACI\u00d3N DE AGENCIAS\/EUROPA\/AFP.&#8212; La Organizaci\u00f3n Mundial de la Salud (OMS) inform\u00f3 que este lunes que las muertes por COVID-19 podr\u00edan aumentar durante los pr\u00f3ximos meses en Europa.<br \/>\nEuropa puede registrar 236 mil muertos adicionales por la pandemia de COVID-19 de aqu\u00ed al 1 de diciembre, afirm\u00f3 este lunes el director regional de la Organizaci\u00f3n Mundial de la Salud (OMS), que manifest\u00f3 su preocupaci\u00f3n por el estancamiento del ritmo de vacunaci\u00f3n.<\/p>\n<p>\u00bfPor qu\u00e9 aumentar\u00edan las muertes en Europa por COVID-19?<br \/>\n\u201cLa semana pasada, el n\u00famero de muertos en la regi\u00f3n aument\u00f3 11%, con una proyecci\u00f3n fiable que prev\u00e9 236 mil muertos en Europa de aqu\u00ed al 1 de diciembre\u201d, que se sumar\u00e1n a los 1.3 millones de v\u00edctimas mortales registradas hasta ahora en el Viejo Continente, declar\u00f3 Hans Kluge en una conferencia de prensa.<\/p>\n<p>De los 53 Estados miembros de la regi\u00f3n, 33 reportaron un alza superior a 10% de la incidencia de casos en dos semanas, subray\u00f3, mientras decrece el ritmo de la vacunaci\u00f3n.<br \/>\n\u201cEn las \u00faltimas seis semanas\u201d ese ritmo \u201cbaj\u00f3 un 14% debido a una falta de acceso a las vacunas en algunos pa\u00edses y a una falta de aceptaci\u00f3n de las vacunas en otros\u201d, destac\u00f3 Kluge, quien inst\u00f3 a aumentar la capacidad de producci\u00f3n y a compartir las dosis.<\/p>\n<p>Aunque tres cuartas partes del personal sanitario en el conjunto de Europa est\u00e1 vacunado, en algunos pa\u00edses de la regi\u00f3n solamente son un 10%, seg\u00fan la OMS.<\/p>\n<p>Seg\u00fan datos de este organismo, en ocho meses, cerca de 850 millones de dosis han sido administradas en la regi\u00f3n, que se extiende a Asia central, permitiendo a cerca de la mitad de la poblaci\u00f3n estar totalmente vacunada.<\/p>\n<p>En la Uni\u00f3n Europea, 58.7% de sus habitantes, es decir 262.3 millones de personas, est\u00e1n completamente vacunadas.<\/p>\n<p>La pandemia de nuevo coronavirus ha provocado al menos 4.500.620 muertos en el mundo desde que la oficina de la OMS en China dio cuenta de la aparici\u00f3n de la enfermedad en diciembre de 2019.<\/p>\n<p>La OMS estima incluso que si se tiene en cuenta la sobre mortalidad vinculada al COVID-19, directa e indirecta, el balance de la pandemia podr\u00eda ser dos a tres veces m\u00e1s elevado que el registrado oficialmente. <\/p>\n<p>INF. DE AGENCIAS\/EUROPA\/AFP&#8230;..<\/p>\n","protected":false},"excerpt":{"rendered":"<p>La pandemia de nuevo coronavirus ha provocado al menos 4.500.620 muertos en el mundo desde que la oficina de la<\/p>\n","protected":false},"author":2,"featured_media":30647,"comment_status":"open","ping_status":"open","sticky":false,"template":"","format":"standard","meta":{"colormag_page_container_layout":"default_layout","colormag_page_sidebar_layout":"default_layout","footnotes":""},"categories":[6],"tags":[],"class_list":["post-30646","post","type-post","status-publish","format-standard","has-post-thumbnail","hentry","category-internacional"],"_links":{"self":[{"href":"http:\/\/vocesver.com\/noticias\/wp-json\/wp\/v2\/posts\/30646","targetHints":{"allow":["GET"]}}],"collection":[{"href":"http:\/\/vocesver.com\/noticias\/wp-json\/wp\/v2\/posts"}],"about":[{"href":"http:\/\/vocesver.com\/noticias\/wp-json\/wp\/v2\/types\/post"}],"author":[{"embeddable":true,"href":"http:\/\/vocesver.com\/noticias\/wp-json\/wp\/v2\/users\/2"}],"replies":[{"embeddable":true,"href":"http:\/\/vocesver.com\/noticias\/wp-json\/wp\/v2\/comments?post=30646"}],"version-history":[{"count":1,"href":"http:\/\/vocesver.com\/noticias\/wp-json\/wp\/v2\/posts\/30646\/revisions"}],"predecessor-version":[{"id":30648,"href":"http:\/\/vocesver.com\/noticias\/wp-json\/wp\/v2\/posts\/30646\/revisions\/30648"}],"wp:featuredmedia":[{"embeddable":true,"href":"http:\/\/vocesver.com\/noticias\/wp-json\/wp\/v2\/media\/30647"}],"wp:attachment":[{"href":"http:\/\/vocesver.com\/noticias\/wp-json\/wp\/v2\/media?parent=30646"}],"wp:term":[{"taxonomy":"category","embeddable":true,"href":"http:\/\/vocesver.com\/noticias\/wp-json\/wp\/v2\/categories?post=30646"},{"taxonomy":"post_tag","embeddable":true,"href":"http:\/\/vocesver.com\/noticias\/wp-json\/wp\/v2\/tags?post=30646"}],"curies":[{"name":"wp","href":"https:\/\/api.w.org\/{rel}","templated":true}]}}