{"id":30642,"date":"2021-08-30T15:55:29","date_gmt":"2021-08-30T15:55:29","guid":{"rendered":"http:\/\/vocesver.com\/noticias\/?p=30642"},"modified":"2021-08-30T15:55:37","modified_gmt":"2021-08-30T15:55:37","slug":"el-abc-del-regreso-a-clases-todo-lo-que-tienes-que-saber","status":"publish","type":"post","link":"http:\/\/vocesver.com\/noticias\/el-abc-del-regreso-a-clases-todo-lo-que-tienes-que-saber\/","title":{"rendered":"El A,B,C del regreso a clases: todo lo que tienes que saber"},"content":{"rendered":"<p>Voluntario y con protocolos m\u00e1s de 30 millones de alumnos de educaci\u00f3n b\u00e1sica iniciar\u00e1n el nuevo ciclo escolar. Foto: Cuartoscuro<\/p>\n<p>REDACCI\u00d3N\/VOCESVER.COM\/NOTICIAS<\/p>\n<p>NACIONAL.-A 30 DE AGOSTO 2021.- DE ACUERDO CON INFORMACI\u00d3N D AGENCIAS\/UNOTV&#8230; Regreso a clases: ni\u00f1as, ni\u00f1os y adolescentes regresar\u00e1n a las aulas dejando atr\u00e1s las vacaciones y este lunes 30 de agosto los alumnos dir\u00e1n \u201chola\u201d a la escuela en medio de la pandemia de COVID-19.<br \/>\nEl nuevo ciclo escolar 2021 ha tra\u00eddo preguntas, dudas e incertidumbre a los padres de familia por los protocolos, si es obligatorio ir a la escuela de forma presencial y qu\u00e9 medidas hay que tomar en caso de mandar a sus hijos al sal\u00f3n. <\/p>\n<p>\u00bfEs obligatorio el regreso a clases presencial?<br \/>\nNo, no es obligatorio. La Secretar\u00eda de Educaci\u00f3n P\u00fablica (SEP) inform\u00f3 que el retorno para ni\u00f1os y adolescentes se har\u00e1 con todas las medidas sanitarias.  <\/p>\n<p>Pero, los padres o tutores que decidan no mandar a los alumnos a las escuelas tendr\u00e1n la opci\u00f3n de continuar con clases a distancia.<br \/>\nLos alumnos que no regresen a clases presenciales, podr\u00e1n continuar con clases a distancia a trav\u00e9s del programa Aprende en Casa.<br \/>\n\u00bfQu\u00e9 pasa si no quiero que mi hijo regrese a la escuela?<br \/>\nDebido a la pandemia de COVID-19 en M\u00e9xico, un considerable porcentaje de los alumnos no regresar\u00e1 de forma presencial pero s\u00ed tienen que inscribirse o reinscribirse al grado que les corresponde y continuar con la educaci\u00f3n a distancia. <\/p>\n<p>Cabe mencionar que para evaluarlos, se dar\u00e1n indicaciones de c\u00f3mo llevarlas a cabo y as\u00ed poder comprobar los conocimientos.<br \/>\n\u00bfCu\u00e1les son los protocolos de la SEP para el regreso a clases presenciales?<br \/>\nDeterminar sitios exclusivos de filtros de salud en casa, entrada de la escuela y sal\u00f3n de clases.<br \/>\nUsar el cubrebocas de manera correcta, tapando nariz y boca.<br \/>\nLavarse las manos con agua y jab\u00f3n, adem\u00e1s del uso de gel antibacterial.<br \/>\nMantener la sana distancia.<br \/>\nUsar m\u00e1s los espacios abiertos.<br \/>\nSuspender cualquier tipo de actividades escolares que concentren a la comunidad escolar.<br \/>\nEn el caso de detectar o sospechar que alguna persona presente s\u00edntomas relacionados a COVID-19 avisar de manera inmediata a las autoridades competentes.<br \/>\nLos profesores deber\u00e1n promover el apoyo emocional a trav\u00e9s del curso en l\u00ednea de la SEP-Salud Retorno Seguro, disponible en la p\u00e1gina climss.imss.gob.mx.<br \/>\nLas recomendaciones para el regreso a clases presenciales se dar\u00e1n a conocer por las Secretar\u00edas de Salud y Educaci\u00f3n P\u00fablica a trav\u00e9s de la \u201cGu\u00eda para el regreso responsable y ordenado a las escuelas\u201d.<br \/>\n\u00bfQu\u00e9 cubrebocas NO est\u00e1n permitidos?<br \/>\nDe acuerdo con las autoridades escolares y sanitarias, estos son los cubrebocas que no deben portar los alumnos en su regreso a la escuela. <\/p>\n<p>Cubrebocas N95<br \/>\nCubrebocas con v\u00e1lvulas<br \/>\nNo se deben sustituir cubrebocas por caretas, lentes protectores o protectores faciales <\/p>\n<p>INF. DE AGENCIAS\/UNOTV&#8230;.<\/p>\n","protected":false},"excerpt":{"rendered":"<p>Voluntario y con protocolos m\u00e1s de 30 millones de alumnos de educaci\u00f3n b\u00e1sica iniciar\u00e1n el nuevo ciclo escolar. Foto: Cuartoscuro<\/p>\n","protected":false},"author":2,"featured_media":30644,"comment_status":"open","ping_status":"open","sticky":false,"template":"","format":"standard","meta":{"colormag_page_container_layout":"default_layout","colormag_page_sidebar_layout":"default_layout","footnotes":""},"categories":[5],"tags":[],"class_list":["post-30642","post","type-post","status-publish","format-standard","has-post-thumbnail","hentry","category-nacional"],"_links":{"self":[{"href":"http:\/\/vocesver.com\/noticias\/wp-json\/wp\/v2\/posts\/30642","targetHints":{"allow":["GET"]}}],"collection":[{"href":"http:\/\/vocesver.com\/noticias\/wp-json\/wp\/v2\/posts"}],"about":[{"href":"http:\/\/vocesver.com\/noticias\/wp-json\/wp\/v2\/types\/post"}],"author":[{"embeddable":true,"href":"http:\/\/vocesver.com\/noticias\/wp-json\/wp\/v2\/users\/2"}],"replies":[{"embeddable":true,"href":"http:\/\/vocesver.com\/noticias\/wp-json\/wp\/v2\/comments?post=30642"}],"version-history":[{"count":2,"href":"http:\/\/vocesver.com\/noticias\/wp-json\/wp\/v2\/posts\/30642\/revisions"}],"predecessor-version":[{"id":30645,"href":"http:\/\/vocesver.com\/noticias\/wp-json\/wp\/v2\/posts\/30642\/revisions\/30645"}],"wp:featuredmedia":[{"embeddable":true,"href":"http:\/\/vocesver.com\/noticias\/wp-json\/wp\/v2\/media\/30644"}],"wp:attachment":[{"href":"http:\/\/vocesver.com\/noticias\/wp-json\/wp\/v2\/media?parent=30642"}],"wp:term":[{"taxonomy":"category","embeddable":true,"href":"http:\/\/vocesver.com\/noticias\/wp-json\/wp\/v2\/categories?post=30642"},{"taxonomy":"post_tag","embeddable":true,"href":"http:\/\/vocesver.com\/noticias\/wp-json\/wp\/v2\/tags?post=30642"}],"curies":[{"name":"wp","href":"https:\/\/api.w.org\/{rel}","templated":true}]}}