{"id":30531,"date":"2021-08-24T15:37:45","date_gmt":"2021-08-24T15:37:45","guid":{"rendered":"http:\/\/vocesver.com\/noticias\/?p=30531"},"modified":"2021-08-24T15:37:54","modified_gmt":"2021-08-24T15:37:54","slug":"mexico-suma-3-semanas-con-reduccion-de-casos-covid-17-estados-muestran-tendencia-a-la-baja","status":"publish","type":"post","link":"http:\/\/vocesver.com\/noticias\/mexico-suma-3-semanas-con-reduccion-de-casos-covid-17-estados-muestran-tendencia-a-la-baja\/","title":{"rendered":"M\u00e9xico suma 3 semanas con reducci\u00f3n de casos COVID; 17 estados muestran tendencia a la baja"},"content":{"rendered":"<p>L\u00f3pez-Gatell reiter\u00f3 que la epidemia comienza a mostrar signos de reducci\u00f3n en esta tercera ola de COVID-19. | Foto: Cuartoscuro<\/p>\n<p>REDACCI\u00d3N\/VOCESVER.COM\/NOTICIAS<\/p>\n<p>nacionaL.- A 24 DE AGOSTO 2021.- DE ACUERDO CON INFORMACI\u00d3N DE CDMX\/M\u00c9XICO\/UNOTV&#8230;M\u00e9xico suma tres semanas consecutivas con una clara reducci\u00f3n de casos registrados de COVID-19, adem\u00e1s, 17 estados muestras indicadores de reducci\u00f3n de la pandemia, inform\u00f3 este martes el subsecretario de Prevenci\u00f3n y Promoci\u00f3n de la Salud, el Dr. Hugo L\u00f3pez-Gatell.<br \/>\nDurante la conferencia de prensa del presidente Andr\u00e9s Manuel L\u00f3pez Obrador, el subsecretario de Prevenci\u00f3n y Promoci\u00f3n de la Salud, inform\u00f3 que M\u00e9xico lleva tres semanas consecutivas con una reducci\u00f3n de casos de COVID-19.<\/p>\n<p>\u201cHoy comento que tenemos tres semanas consecutivas y que la reducci\u00f3n de casos registrados, casos estimados, con respecto a la semana previa es a\u00fan mayor. Empezamos la semana con una reducci\u00f3n de 11% en los casos estimados entre la semana 32, comparado con la semana 31\u201d.<\/p>\n<p>Dr. Hugo L\u00f3pez-Gatell, subsecretario de Salud.<br \/>\nL\u00f3pez-Gatell detall\u00f3 que con una reducci\u00f3n inicial de 11% es muy probable que se concluya la semana; es decir, el pr\u00f3ximo s\u00e1bado, con otra reducci\u00f3n del 5%.<\/p>\n<p>El funcionario dijo que esto representar\u00eda un \u201csigno m\u00e1s claro\u201d de una tendencia de descenso de la tercera ola.<br \/>\nEpidemia comienza a mostrar signos de reducci\u00f3n: L\u00f3pez-Gatell<\/p>\n<p>L\u00f3pez-Gatell dijo que estas reducciones se pueden observar en entidades como la Ciudad de M\u00e9xico y el Estado de M\u00e9xico. | Foto: Captura de pantalla \u2013 YouTube \u2013 Gobierno de M\u00e9xico.<br \/>\nDijo que los distintos indicadores que se utilizan para monitorear la epidemia de COVID-19 en M\u00e9xico, permiten a las autoridades de salud observar \u201cmucha consistencia en esta se\u00f1al de reducci\u00f3n\u201d.<\/p>\n<p>Tambi\u00e9n inform\u00f3 que la ocupaci\u00f3n hospitalaria de pacientes COVID se est\u00e1 reduciendo en M\u00e9xico y que actualmente, el 54% de las camas generales se encuentran ocupadas, adem\u00e1s, 17 estados muestran indicadores de reducci\u00f3n de la pandemia.<\/p>\n<p>L\u00f3pez-Gatell dijo que estas reducciones se pueden observar en entidades como la Ciudad de M\u00e9xico y el Estado de M\u00e9xico.<\/p>\n<p>\u201c17 entidades federativas tienen una clara tendencia de reducci\u00f3n de la epidemia a partir de esta semana, algunas acumulan ya 5 o 6 semanas de reducci\u00f3n; es el caso de Sinaloa, que lleg\u00f3 a tener una actividad epid\u00e9mica muy alta y ya continuamente est\u00e1 reduciendo\u201d.<\/p>\n<p>Dr. Hugo L\u00f3pez-Gatell, subsecretario de Salud.<br \/>\nL\u00f3pez-Gatell reiter\u00f3 que la epidemia comienza a mostrar signos de reducci\u00f3n en esta tercera ola de COVID-19.<\/p>\n<p>\u00bfCuarta ola de COVID-19 en M\u00e9xico?<br \/>\nReiter\u00f3 a la sociedad la importancia de mantener las medidas de prevenci\u00f3n e inst\u00f3 a la ciudadan\u00eda a vacunarse contra el COVID-19 y no descart\u00f3 la posibilidad de que pudiera darse una cuarta ola de coronavirus en M\u00e9xico.<\/p>\n<p>\u201cMientras existe la epidemia en el mundo, todos los pa\u00edses tienen posibilidades de tener cuartas, quintas y sextas olas\u2026 En todo momento puede ocurrir y por eso hay que estar muy al pendiente de lo que va ocurriendo en cada pa\u00eds en todo momento\u201d.<\/p>\n<p>INF. DE CDMX\/M\u00c9XICO\/UNOTV&#8230;.<\/p>\n","protected":false},"excerpt":{"rendered":"<p>L\u00f3pez-Gatell reiter\u00f3 que la epidemia comienza a mostrar signos de reducci\u00f3n en esta tercera ola de COVID-19. | Foto: Cuartoscuro<\/p>\n","protected":false},"author":2,"featured_media":30532,"comment_status":"open","ping_status":"open","sticky":false,"template":"","format":"standard","meta":{"colormag_page_container_layout":"default_layout","colormag_page_sidebar_layout":"default_layout","footnotes":""},"categories":[5],"tags":[],"class_list":["post-30531","post","type-post","status-publish","format-standard","has-post-thumbnail","hentry","category-nacional"],"_links":{"self":[{"href":"http:\/\/vocesver.com\/noticias\/wp-json\/wp\/v2\/posts\/30531","targetHints":{"allow":["GET"]}}],"collection":[{"href":"http:\/\/vocesver.com\/noticias\/wp-json\/wp\/v2\/posts"}],"about":[{"href":"http:\/\/vocesver.com\/noticias\/wp-json\/wp\/v2\/types\/post"}],"author":[{"embeddable":true,"href":"http:\/\/vocesver.com\/noticias\/wp-json\/wp\/v2\/users\/2"}],"replies":[{"embeddable":true,"href":"http:\/\/vocesver.com\/noticias\/wp-json\/wp\/v2\/comments?post=30531"}],"version-history":[{"count":1,"href":"http:\/\/vocesver.com\/noticias\/wp-json\/wp\/v2\/posts\/30531\/revisions"}],"predecessor-version":[{"id":30533,"href":"http:\/\/vocesver.com\/noticias\/wp-json\/wp\/v2\/posts\/30531\/revisions\/30533"}],"wp:featuredmedia":[{"embeddable":true,"href":"http:\/\/vocesver.com\/noticias\/wp-json\/wp\/v2\/media\/30532"}],"wp:attachment":[{"href":"http:\/\/vocesver.com\/noticias\/wp-json\/wp\/v2\/media?parent=30531"}],"wp:term":[{"taxonomy":"category","embeddable":true,"href":"http:\/\/vocesver.com\/noticias\/wp-json\/wp\/v2\/categories?post=30531"},{"taxonomy":"post_tag","embeddable":true,"href":"http:\/\/vocesver.com\/noticias\/wp-json\/wp\/v2\/tags?post=30531"}],"curies":[{"name":"wp","href":"https:\/\/api.w.org\/{rel}","templated":true}]}}