{"id":30523,"date":"2021-08-23T17:41:31","date_gmt":"2021-08-23T17:41:31","guid":{"rendered":"http:\/\/vocesver.com\/noticias\/?p=30523"},"modified":"2021-08-23T17:41:36","modified_gmt":"2021-08-23T17:41:36","slug":"grace-en-mexico-deja-11-muertos-entre-mas-afectaciones","status":"publish","type":"post","link":"http:\/\/vocesver.com\/noticias\/grace-en-mexico-deja-11-muertos-entre-mas-afectaciones\/","title":{"rendered":"Grace en M\u00e9xico deja 11 muertos; entre m\u00e1s afectaciones."},"content":{"rendered":"<p>El fen\u00f3meno tiene adem\u00e1s incomunicadas a varias comunidades del centro y este del pa\u00eds. Foto: Reuters<\/p>\n<p>REDACCI\u00d3N\/VOCESVER.COM\/NOTICIAS<\/p>\n<p>NACIONAL.A 23 DE AGOSTO 2021.- DE ACUERDO CON INFORMACI\u00d3N DE AGENCIA\/AFP&#8230;.Tras el paso de Grace en M\u00e9xico, se han confirmado 11 muertes en total ya que este domingo el gobierno del estado de Puebla dio aviso sobre otras tres personas fallecidas por las lluvias que dej\u00f3 el hurac\u00e1n.<br \/>\n\u201cSe registran tres v\u00edctimas mortales, una en el municipio de Huauchinango y dos m\u00e1s en Tlaola\u201d.<\/p>\n<p>Comunicado el gobierno de Puebla.<br \/>\nGrace por M\u00e9xico<br \/>\nEl s\u00e1bado, luego de que Grace tocara tierra a primera hora como hurac\u00e1n categor\u00eda 3 en la escala Saffir-Simpson (de 5), el gobierno del vecino estado de Veracruz inform\u00f3 de ocho decesos, entre ellos una mujer y sus cinco hijos luego de que su casa fuera aplastada por un deslizamiento de tierra. <\/p>\n<p>El fen\u00f3meno tiene adem\u00e1s incomunicadas a varias comunidades del centro y este del pa\u00eds ya sea por ca\u00edda de \u00e1rboles o afectaciones mayores en las carreteras. <\/p>\n<p>Dos impactos<br \/>\nDespu\u00e9s, Grace impact\u00f3 en dos ocasiones a M\u00e9xico: el jueves como hurac\u00e1n 1 por la pen\u00ednsula de Yucat\u00e1n, donde solo dej\u00f3 da\u00f1os materiales, y el s\u00e1bado por el estado de Veracruz con vientos de 205 km\/h. <\/p>\n<p>Al entrar a tierra, el cicl\u00f3n se degrad\u00f3 r\u00e1pidamente, pero cubri\u00f3 gran parte del pa\u00eds desatando precipitaciones el fin de semana. <\/p>\n<p>Los remanentes de Grace se encontraban la noche de este domingo en el Pac\u00edfico de M\u00e9xico, donde seg\u00fan el Centro Nacional de Huracanes de Estados Unidos podr\u00eda volver a formarse otro cicl\u00f3n tropical al interactuar con otros sistemas. <\/p>\n<p>INF. DE AGENCIA\/AFP&#8230;..<\/p>\n","protected":false},"excerpt":{"rendered":"<p>El fen\u00f3meno tiene adem\u00e1s incomunicadas a varias comunidades del centro y este del pa\u00eds. Foto: Reuters REDACCI\u00d3N\/VOCESVER.COM\/NOTICIAS NACIONAL.A 23 DE<\/p>\n","protected":false},"author":2,"featured_media":30524,"comment_status":"open","ping_status":"open","sticky":false,"template":"","format":"standard","meta":{"colormag_page_container_layout":"default_layout","colormag_page_sidebar_layout":"default_layout","footnotes":""},"categories":[5],"tags":[],"class_list":["post-30523","post","type-post","status-publish","format-standard","has-post-thumbnail","hentry","category-nacional"],"_links":{"self":[{"href":"http:\/\/vocesver.com\/noticias\/wp-json\/wp\/v2\/posts\/30523","targetHints":{"allow":["GET"]}}],"collection":[{"href":"http:\/\/vocesver.com\/noticias\/wp-json\/wp\/v2\/posts"}],"about":[{"href":"http:\/\/vocesver.com\/noticias\/wp-json\/wp\/v2\/types\/post"}],"author":[{"embeddable":true,"href":"http:\/\/vocesver.com\/noticias\/wp-json\/wp\/v2\/users\/2"}],"replies":[{"embeddable":true,"href":"http:\/\/vocesver.com\/noticias\/wp-json\/wp\/v2\/comments?post=30523"}],"version-history":[{"count":1,"href":"http:\/\/vocesver.com\/noticias\/wp-json\/wp\/v2\/posts\/30523\/revisions"}],"predecessor-version":[{"id":30525,"href":"http:\/\/vocesver.com\/noticias\/wp-json\/wp\/v2\/posts\/30523\/revisions\/30525"}],"wp:featuredmedia":[{"embeddable":true,"href":"http:\/\/vocesver.com\/noticias\/wp-json\/wp\/v2\/media\/30524"}],"wp:attachment":[{"href":"http:\/\/vocesver.com\/noticias\/wp-json\/wp\/v2\/media?parent=30523"}],"wp:term":[{"taxonomy":"category","embeddable":true,"href":"http:\/\/vocesver.com\/noticias\/wp-json\/wp\/v2\/categories?post=30523"},{"taxonomy":"post_tag","embeddable":true,"href":"http:\/\/vocesver.com\/noticias\/wp-json\/wp\/v2\/tags?post=30523"}],"curies":[{"name":"wp","href":"https:\/\/api.w.org\/{rel}","templated":true}]}}