{"id":27760,"date":"2021-01-26T22:28:52","date_gmt":"2021-01-26T22:28:52","guid":{"rendered":"http:\/\/vocesver.com\/noticias\/?p=27760"},"modified":"2021-01-26T22:32:58","modified_gmt":"2021-01-26T22:32:58","slug":"conmemora-boca-del-rio-33-anos-como-ciudad","status":"publish","type":"post","link":"http:\/\/vocesver.com\/noticias\/conmemora-boca-del-rio-33-anos-como-ciudad\/","title":{"rendered":"CONMEMORA BOCA DEL R\u00cdO 33 A\u00d1OS COMO CIUDAD."},"content":{"rendered":"<div>\n<p class=\"x_x_x_MsoNormal\" align=\"center\"><span lang=\"ES\">*<\/span><span lang=\"ES\">\u00a0<\/span>Por la pandemia del Covid-19 es \u00fanicamente virtual a trav\u00e9s de Facebook Live.<\/p>\n<p class=\"x_x_x_MsoNormal\" align=\"center\">AUSENCIO RIVERA\/VOCESVER.OM\/NOTICIAS<\/p>\n<p align=\"center\">Boca del R\u00edo,Ver.- a 26 de Enero 2021.-Por cuarto a\u00f1o consecutivo y por iniciativa del alcalde Humberto Alonso Morelli, el municipio de Boca del R\u00edo inici\u00f3 con los festejos de su aniversario como Ciudad, en esta ocasi\u00f3n a trav\u00e9s de transmisiones\u00a0\u00a0en vivo por Facebook Live en las p\u00e1ginas oficiales del Ayuntamiento.<\/p>\n<p class=\"x_x_x_MsoNoSpacing\">Durante la primera actividad virtual, las \u201cMa\u00f1anitas Soneras\u201d con el Tr\u00edo Jarocho Chalchihuecan, el alcalde dio un mensaje para los boque\u00f1os: \u201cHoy celebramos el 33 aniversario de la ciudad, hace 33 a\u00f1os en enero de 1988, Boca del R\u00edo se elev\u00f3 a rango de Ciudad en estos \u00faltimos 30 a\u00f1os, Boca del R\u00edo ha tenido un crecimiento muy importante, un crecimiento econ\u00f3mico, social, desarrollo tur\u00edstico en esta administraci\u00f3n le dimos una especial importancia, relevancia a la promoci\u00f3n tur\u00edstica de nuestra ciudad\u201d, resalt\u00f3.<\/p>\n<p class=\"x_x_x_MsoNormal\">Morelli, anunci\u00f3 durante la transmisi\u00f3n en vivo de las Ma\u00f1anitas Soneras que se llev\u00f3 a cabo a las 10 de la ma\u00f1ana afuera del palacio municipal, que anteriormente la celebraci\u00f3n de Boca del R\u00edo como ciudad era con un acto c\u00edvico pero fue en 2018 que adicional a ello se realiz\u00f3 el Festival Boca, cada 26 de enero; en los primeros dos a\u00f1os se llev\u00f3 a cabo una muestra gastron\u00f3mica, m\u00fasica, danza que se efectuaron en la Plaza C\u00edvica, teniendo como invitados especiales a los ciudadanos y, en el\u00a0\u00a02020 la celebraci\u00f3n fue en Plaza Banderas y\u00a0\u00a0cont\u00f3 con la presencia de Bob Alisic, representante del Consejo Mundial de la Calidad.<\/p>\n<p class=\"x_x_x_MsoNormal\">Mencion\u00f3 que a pesar de la pandemia, una conmemoraci\u00f3n tan importante para el municipio no podr\u00eda pasar desapercibida en este 2021 y pensando en la protecci\u00f3n y cuidados de salud de los boque\u00f1os por la presencia del Covid-19, las actividades se llevan a cabo \u00fanicamente de manera virtual a trav\u00e9s de la p\u00e1gina oficial de facebook del Ayuntamiento de Boca del R\u00edo con\u00a0\u00a0las siguientes actividades:\u00a0<b>el martes 26, a las 10:00 de la ma\u00f1ana las ma\u00f1anitas soneras, a las 4:00 de la tarde por el Coraz\u00f3n de Boca; mi\u00e9rcoles 27 a las 4:00 de la tarde Historia con Sabor de Boca y a la 5:00 de la tarde el Paseo de la Fama.\u00a0<\/b><\/p>\n<p class=\"x_x_x_MsoNormal\">Cabe se\u00f1alar que desde 1825 Boca del R\u00edo fue establecido como municipio, pero era considerado una villa y fue el 26 de enero de 1988 que se elev\u00f3 a rango de ciudad logrando que la peque\u00f1a tierra de pescadores trascendiera como la ciudad con mayor desarrollo del estado,\u00a0\u00a0cultura, historia y con la alegr\u00eda de su gente.<\/p>\n<p class=\"x_x_x_MsoNormal\">Boca del R\u00edo, una ciudad que tiene una maravillosa zona hotelera, modernidad, vida nocturna, actividades al aire libre, tradici\u00f3n, recintos hist\u00f3ricos, y donde los visitantes siempre buscan regresar es hoy, gracias al impulso tur\u00edstico de los \u00faltimos a\u00f1os, el destino tur\u00edstico m\u00e1s importante del Golfo de M\u00e9xico.<\/p>\n<p class=\"x_x_x_Default\" align=\"center\"><b>&#8211;o0o&#8211;<\/b><\/p>\n<\/div>\n<div><\/div>\n","protected":false},"excerpt":{"rendered":"<p>*\u00a0Por la pandemia del Covid-19 es \u00fanicamente virtual a trav\u00e9s de Facebook Live. AUSENCIO RIVERA\/VOCESVER.OM\/NOTICIAS Boca del R\u00edo,Ver.- a 26<\/p>\n","protected":false},"author":2,"featured_media":27763,"comment_status":"open","ping_status":"open","sticky":false,"template":"","format":"standard","meta":{"colormag_page_container_layout":"default_layout","colormag_page_sidebar_layout":"default_layout","footnotes":""},"categories":[2],"tags":[],"class_list":["post-27760","post","type-post","status-publish","format-standard","has-post-thumbnail","hentry","category-infogral"],"_links":{"self":[{"href":"http:\/\/vocesver.com\/noticias\/wp-json\/wp\/v2\/posts\/27760","targetHints":{"allow":["GET"]}}],"collection":[{"href":"http:\/\/vocesver.com\/noticias\/wp-json\/wp\/v2\/posts"}],"about":[{"href":"http:\/\/vocesver.com\/noticias\/wp-json\/wp\/v2\/types\/post"}],"author":[{"embeddable":true,"href":"http:\/\/vocesver.com\/noticias\/wp-json\/wp\/v2\/users\/2"}],"replies":[{"embeddable":true,"href":"http:\/\/vocesver.com\/noticias\/wp-json\/wp\/v2\/comments?post=27760"}],"version-history":[{"count":2,"href":"http:\/\/vocesver.com\/noticias\/wp-json\/wp\/v2\/posts\/27760\/revisions"}],"predecessor-version":[{"id":27762,"href":"http:\/\/vocesver.com\/noticias\/wp-json\/wp\/v2\/posts\/27760\/revisions\/27762"}],"wp:featuredmedia":[{"embeddable":true,"href":"http:\/\/vocesver.com\/noticias\/wp-json\/wp\/v2\/media\/27763"}],"wp:attachment":[{"href":"http:\/\/vocesver.com\/noticias\/wp-json\/wp\/v2\/media?parent=27760"}],"wp:term":[{"taxonomy":"category","embeddable":true,"href":"http:\/\/vocesver.com\/noticias\/wp-json\/wp\/v2\/categories?post=27760"},{"taxonomy":"post_tag","embeddable":true,"href":"http:\/\/vocesver.com\/noticias\/wp-json\/wp\/v2\/tags?post=27760"}],"curies":[{"name":"wp","href":"https:\/\/api.w.org\/{rel}","templated":true}]}}