{"id":27756,"date":"2021-01-26T22:24:29","date_gmt":"2021-01-26T22:24:29","guid":{"rendered":"http:\/\/vocesver.com\/noticias\/?p=27756"},"modified":"2021-01-26T22:25:59","modified_gmt":"2021-01-26T22:25:59","slug":"develan-placa-condecoracion-miguel-hidalgo-en-la-clinica-hospital-del-issste-de-xalapa","status":"publish","type":"post","link":"http:\/\/vocesver.com\/noticias\/develan-placa-condecoracion-miguel-hidalgo-en-la-clinica-hospital-del-issste-de-xalapa\/","title":{"rendered":"DEVELAN PLACA CONDECORACI\u00d3N \u00abMIGUEL HIDALGO\u00bb EN LA CLINICA -HOSPITAL DEL ISSSTE DE XALAPA."},"content":{"rendered":"<p>\u2022 En reconocimiento a todo el personal de salud, presente, en la primera l\u00ednea de batalla contra la pandemia por COVID-19.<\/p>\n<p>POR:ALEJANDRO MURRIETA\/VOCESVER.COM\/NOTICIAS<\/p>\n<p>Xalapa,Ver. a 26 de Enero 2021.- El Encargado de la Delegaci\u00f3n del ISSSTE en Veracruz, Ricardo Olivares Hern\u00e1ndez, acompa\u00f1ado por el Subdelegado M\u00e9dico, Gustavo Montero Olvera, devel\u00f3 la placa de la condecoraci\u00f3n \u2018Miguel Hidalgo\u2019 colocada en la entrada de la Cl\u00ednica-Hospital de Xalapa, en honor a todo el personal de salud, que est\u00e1 en la primera l\u00ednea de atenci\u00f3n por la pandemia por COVID-19.<\/p>\n<p>A iniciativa del presidente Andr\u00e9s Manuel L\u00f3pez Obrador, el Gobierno de M\u00e9xico y el Estado en su conjunto, se otorg\u00f3 el Grado Placa de la condecoraci\u00f3n \u201cMiguel Hidalgo\u201d, como una placa met\u00e1lica simb\u00f3lica que va en un lugar muy especial de cada hospital COVID, con la leyenda: \u201cen reconocimiento al personal de esta unidad m\u00e9dica, su contribuci\u00f3n a salvar vidas durante la pandemia de COVID-19, siempre ser\u00e1 recordado\u201d.<\/p>\n<p>Durante el acto protocolario, presidido tambi\u00e9n por el Director de la Cl\u00ednica-Hospital de Xalapa, Juan Carlos Ch\u00e1vez Quir\u00f3s se reconoci\u00f3 y felicit\u00f3 el esfuerzo de todo el personal para la posteridad.<\/p>\n<p>\u201cEsta pandemia dej\u00f3 muy en claro que la solidaridad est\u00e1 siempre del lado de las causas justas. En M\u00e9xico, y en particular en nuestro Veracruz, hoy se exalta la labor de cientos de enfermeras, de m\u00e9dicos y de profesionistas de la salud que han salvado la vida de los derechohabientes con este padecimiento\u201d, asegur\u00f3 el Subdelegado M\u00e9dico del Instituto en Veracruz, Gustavo Montero Olvera.<\/p>\n<p>Aunado a esto, el Encargado de la Delegaci\u00f3n, Ricardo Olivares Hern\u00e1ndez detall\u00f3 que esta placa tambi\u00e9n ser\u00e1 colocada en la entrada de cada una de las Cl\u00ednicas-Hospital del ISSSTE en Veracruz, es decir en Coatzacoalcos, Orizaba, Tuxpan y Poza Rica, as\u00ed como en el Hospital Regional de Alta Especialidad del Instituto en Veracruz.<\/p>\n<p>\u201cEs un reconocimiento del Gobierno Federal para todos los que hemos vivido con la pandemia y ser\u00e1 como un legado a nuestros hijos, a nuestros nietos, porque, despu\u00e9s de esto, hemos aprendido a valorar m\u00e1s nuestra salud y la vida\u201d, se\u00f1al\u00f3.<\/p>\n<p>La placa condecorativa Miguel Hidalgo reconoce a todo el personal de salud de todas las categor\u00edas: m\u00e9dicos y las enfermas, las m\u00e9dicas y los enfermeros, pero adem\u00e1s a todos los que est\u00e1n en el hospital, como el personal de higiene y limpieza, el personal de ambulancias, los manejadores de alimentos, los laboratoristas, los qu\u00edmicos, los asistentes, m\u00e9dicos, los radi\u00f3logos, los camilleros, los inhaloterapeutas, el personal de farmacias, el de mantenimiento y conservaci\u00f3n.<\/p>\n<p>Cabe recordar que el Director General del ISSSTE, Luis Antonio Ram\u00edrez Pineda inform\u00f3 que se otorgaron 112 placas para las Unidades M\u00e9dicas del ISSSTE, de las cuales fueron 5 para las Cl\u00ednicas-Hospital de Veracruz; para aqu\u00ed la Cl\u00ednica de Xalapa, pero tambi\u00e9n para Coatzacoalcos, Tuxpan, Poza Rica, Orizaba\u00a0 y una para el Hospital Regional.<\/p>\n<p>\u201cComo lo ha dicho el presidente L\u00f3pez Obrador, tambi\u00e9n es una forma de reconocimiento y de agradecimiento fue la protecci\u00f3n del personal de salud y por eso es que hay tanto \u00e1nimo y agradecimiento porque ustedes, compa\u00f1eros fueron los primeros en el Plan Nacional de Vacunaci\u00f3n contra COVID-19, tal como lo instruy\u00f3 el Presidente de M\u00e9xico, Andr\u00e9s Manuel L\u00f3pez Obrador\u201d, concluy\u00f3.<\/p>\n","protected":false},"excerpt":{"rendered":"<p>\u2022 En reconocimiento a todo el personal de salud, presente, en la primera l\u00ednea de batalla contra la pandemia por<\/p>\n","protected":false},"author":2,"featured_media":27759,"comment_status":"open","ping_status":"open","sticky":false,"template":"","format":"standard","meta":{"colormag_page_container_layout":"default_layout","colormag_page_sidebar_layout":"default_layout","footnotes":""},"categories":[4],"tags":[],"class_list":["post-27756","post","type-post","status-publish","format-standard","has-post-thumbnail","hentry","category-estatal"],"_links":{"self":[{"href":"http:\/\/vocesver.com\/noticias\/wp-json\/wp\/v2\/posts\/27756","targetHints":{"allow":["GET"]}}],"collection":[{"href":"http:\/\/vocesver.com\/noticias\/wp-json\/wp\/v2\/posts"}],"about":[{"href":"http:\/\/vocesver.com\/noticias\/wp-json\/wp\/v2\/types\/post"}],"author":[{"embeddable":true,"href":"http:\/\/vocesver.com\/noticias\/wp-json\/wp\/v2\/users\/2"}],"replies":[{"embeddable":true,"href":"http:\/\/vocesver.com\/noticias\/wp-json\/wp\/v2\/comments?post=27756"}],"version-history":[{"count":2,"href":"http:\/\/vocesver.com\/noticias\/wp-json\/wp\/v2\/posts\/27756\/revisions"}],"predecessor-version":[{"id":27758,"href":"http:\/\/vocesver.com\/noticias\/wp-json\/wp\/v2\/posts\/27756\/revisions\/27758"}],"wp:featuredmedia":[{"embeddable":true,"href":"http:\/\/vocesver.com\/noticias\/wp-json\/wp\/v2\/media\/27759"}],"wp:attachment":[{"href":"http:\/\/vocesver.com\/noticias\/wp-json\/wp\/v2\/media?parent=27756"}],"wp:term":[{"taxonomy":"category","embeddable":true,"href":"http:\/\/vocesver.com\/noticias\/wp-json\/wp\/v2\/categories?post=27756"},{"taxonomy":"post_tag","embeddable":true,"href":"http:\/\/vocesver.com\/noticias\/wp-json\/wp\/v2\/tags?post=27756"}],"curies":[{"name":"wp","href":"https:\/\/api.w.org\/{rel}","templated":true}]}}