{"id":27752,"date":"2021-01-26T22:18:43","date_gmt":"2021-01-26T22:18:43","guid":{"rendered":"http:\/\/vocesver.com\/noticias\/?p=27752"},"modified":"2021-01-26T22:20:16","modified_gmt":"2021-01-26T22:20:16","slug":"realizaran-ciclo-de-conferencias-en-ciencias-aplicadas-al-deporte-2021","status":"publish","type":"post","link":"http:\/\/vocesver.com\/noticias\/realizaran-ciclo-de-conferencias-en-ciencias-aplicadas-al-deporte-2021\/","title":{"rendered":"REALIZAR\u00c1N CICLO DE CONFERENCIAS EN CIENCIAS APLICADAS AL DEPORTE 2021."},"content":{"rendered":"<p>*CEULVER y FEFUV promueven la capacitaci\u00f3n a trav\u00e9s de plataformas virtuales entre docentes y estudiantes<\/p>\n<p dir=\"ltr\">REDACCI\u00d3N\/VOCESVER.COM\/NOTICIAS<\/p>\n<p dir=\"ltr\">(Boca del R\u00edo, Ver., a 26 de enero de 2021).\u2013 El Centro Universitario Latino Veracruz (CEULVER) y la Facultad de Educaci\u00f3n F\u00edsica, Deporte y Recreaci\u00f3n de la Universidad Veracruzana (FEFUV) realizar\u00e1n de manera virtual, la d\u00e9cimo segunda edici\u00f3n del Ciclo de Conferencias en Ciencias Aplicadas al Deporte 2021, este viernes 29 de enero a partir de las 9:00 horas.<\/p>\n<p dir=\"ltr\">En este evento participar\u00e1n los egresados de la Maestr\u00eda en Ciencias Aplicadas al Deporte que desarrolla conjuntamente el Centro Universitario Latino Veracruz (CEULVER), la Facultad de Educaci\u00f3n F\u00edsica, Deporte y Recreaci\u00f3n de la Universidad Veracruzana y el Cuerpo Acad\u00e9mico UV-CA-292 \u201cEducaci\u00f3n F\u00edsica y Salud\u201d.<\/p>\n<p dir=\"ltr\">\u201cMe siento contenta y orgullosa de que a pesar de la situaci\u00f3n que se est\u00e1 viviendo a nivel mundial, CEULVER y la Facultad de Educaci\u00f3n F\u00edsica, Deporte y Recreaci\u00f3n desarrollemos mediante plataformas digitales, el doceavo ciclo de conferencias en Ciencias Aplicadas al Deporte.<\/p>\n<p dir=\"ltr\">Es una nueva forma de aprendizaje, innovadora en donde se les invita a participar y puedan aprovechar los conocimientos que se brindar\u00e1n a trav\u00e9s de los recursos tecnol\u00f3gicos.<\/p>\n<p dir=\"ltr\">Agreg\u00f3.<\/p>\n<p dir=\"ltr\">Tendremos a destacados ponentes nacionales e internacionales, nutri\u00e9ndonos de nuevos conocimientos que complementar\u00e1n la creaci\u00f3n de nuevas estrategias que enriquecer\u00e1n la formaci\u00f3n de nuestros j\u00f3venes estudiantes y docentes, afines a la materia deportiva\u201d, dijo la rectora de CEULVER, maestra Amelia Huerta Miranda.<\/p>\n<p dir=\"ltr\">\u201cAbordaremos temas de gran inter\u00e9s, es un evento gratuito que brindar\u00e1 la oportunidad de escuchar que es lo que se est\u00e1 generando a partir de las titulaciones.<\/p>\n<p dir=\"ltr\">Se brindar\u00e1 informaci\u00f3n muy valiosa, por ejemplo, de las variaciones de la frecuencia cardiaca durante el ejercicio; la relaci\u00f3n pico de crecimiento y capacidades coordinadas en edad escolar\u201d, indic\u00f3 el titular de FEFUV, Julio Alejandro G\u00f3mez Figueroa.<\/p>\n<p dir=\"ltr\">El programa oficial de ponencias virtuales ha sido avalado por el organismo de Generaci\u00f3n de Recursos para la Acreditaci\u00f3n de las Naciones de Am\u00e9rica (GRANA) y por la Red Americana de Investigaci\u00f3n en Ciencias del Movimiento Humano (RAICIMH).<\/p>\n<p dir=\"ltr\">A las 9:00 horas, la maestra Amelia Huerta Miranda, rectora de CEULVER y el director general de FEFUV, doctor Julio Alejandro G\u00f3mez Figueroa presidir\u00e1n el protocolo inaugural virtual.<\/p>\n<p dir=\"ltr\">Acompa\u00f1ados por diversas personalidades, como el secretario acad\u00e9mico de FEFUV, doctor Luis Quintana; en representaci\u00f3n de los acad\u00e9micos de la maestr\u00eda estar\u00e1 Pedro Juli\u00e1n Flores Moreno de la Universidad de Colima; la coordinadora del programa, Alma Rosa Rivera Gir\u00f3n, y el doctor Jos\u00e9 Moncada Jim\u00e9nez, coordinador de la Red Americana de Investigaci\u00f3n en Ciencias del Movimiento Humano (RAICIMH).<\/p>\n<p dir=\"ltr\">Cabe se\u00f1alar que aproximadamente a las 9:30 horas comenzar\u00e1n las capacitaciones virtualmente a trav\u00e9s de la plataforma http:\/\/meet.google.com\/ozq-gfwx-cqb<\/p>\n<p dir=\"ltr\">A las 9:30 horas se desarrollar\u00e1 el tema \u201cIniciaci\u00f3n de Tenismesistas\u201d con la maestra Andrea Fern\u00e1ndez Villegas.<\/p>\n<p dir=\"ltr\">El maestro Omar de Jes\u00fas Cuevas Fern\u00e1ndez abordar\u00e1 el tema \u201cRelaci\u00f3n pico de crecimiento y capacidades coordinadas en edad escolar\u201d, esto ser\u00e1 a las 10:00 horas.<\/p>\n<p dir=\"ltr\">A las 10:30 horas, el maestro Jos\u00e9 Carlos de Le\u00f3n Maciel expondr\u00e1 el tema \u201cVariaciones de la frecuencia cardiaca durante el ejercicio en conjunto con tratamiento de lipolisis laser\u201d.<\/p>\n<p dir=\"ltr\">El maestro \u00d3scar Edmundo Castro L\u00f3pez ser\u00e1 ponente de la tem\u00e1tica \u201cLa relaci\u00f3n entre el rendimiento f\u00edsico con el rendimiento acad\u00e9mico y la composici\u00f3n corporal en el patio escolar\u201d, a las 11:00 horas.<\/p>\n<p dir=\"ltr\">Por su parte, el maestro Tedy Mendoza Ruiz abordar\u00e1 a las 12:30 horas, el tema \u201cCorrelaci\u00f3n de la talla con la fuerza en brazos, piernas y abdomen en ni\u00f1os y ni\u00f1as de 6 a 12 a\u00f1os\u201d.<\/p>\n<p dir=\"ltr\">A las 13:00 horas se brindar\u00e1 la ponencia denominada \u201cLa coordinaci\u00f3n motriz global y la relaci\u00f3n con la tabla de posiciones en equipos de futbol infantil\u201d, dicha exposici\u00f3n acad\u00e9mica estar\u00e1 a cargo del maestro Ricardo Palestino V\u00e1squez.<\/p>\n<p dir=\"ltr\">El licenciado en Educaci\u00f3n F\u00edsica, Diego Ram\u00edrez Padilla, representante de la Universidad de Colima presentar\u00e1 el tema \u201cPercepci\u00f3n social sobre la educaci\u00f3n f\u00edsica en la vida saludable posterior a la contingencia\u201d, esto ser\u00e1 a las 13:30 horas.<\/p>\n<p dir=\"ltr\">Finalmente, a las 14:00 horas se brindar\u00e1 la \u00faltima ponencia del evento; con el tema de \u201cLa ense\u00f1anza de la t\u00e9cnica aer\u00f3bica\u201d, la cual ser\u00e1 presentada por el LDE. Jes\u00fas Axel Andrade \u00c1valos, estudiante de la maestr\u00eda en Intervenci\u00f3n Educativa de la Universidad de Colima.<\/p>\n<div id=\"x_mail-app-auto-default-signature\">\n<p dir=\"ltr\">&#8212;<\/p>\n<\/div>\n","protected":false},"excerpt":{"rendered":"<p>*CEULVER y FEFUV promueven la capacitaci\u00f3n a trav\u00e9s de plataformas virtuales entre docentes y estudiantes REDACCI\u00d3N\/VOCESVER.COM\/NOTICIAS (Boca del R\u00edo, Ver.,<\/p>\n","protected":false},"author":2,"featured_media":27755,"comment_status":"open","ping_status":"open","sticky":false,"template":"","format":"standard","meta":{"colormag_page_container_layout":"default_layout","colormag_page_sidebar_layout":"default_layout","footnotes":""},"categories":[2],"tags":[],"class_list":["post-27752","post","type-post","status-publish","format-standard","has-post-thumbnail","hentry","category-infogral"],"_links":{"self":[{"href":"http:\/\/vocesver.com\/noticias\/wp-json\/wp\/v2\/posts\/27752","targetHints":{"allow":["GET"]}}],"collection":[{"href":"http:\/\/vocesver.com\/noticias\/wp-json\/wp\/v2\/posts"}],"about":[{"href":"http:\/\/vocesver.com\/noticias\/wp-json\/wp\/v2\/types\/post"}],"author":[{"embeddable":true,"href":"http:\/\/vocesver.com\/noticias\/wp-json\/wp\/v2\/users\/2"}],"replies":[{"embeddable":true,"href":"http:\/\/vocesver.com\/noticias\/wp-json\/wp\/v2\/comments?post=27752"}],"version-history":[{"count":2,"href":"http:\/\/vocesver.com\/noticias\/wp-json\/wp\/v2\/posts\/27752\/revisions"}],"predecessor-version":[{"id":27754,"href":"http:\/\/vocesver.com\/noticias\/wp-json\/wp\/v2\/posts\/27752\/revisions\/27754"}],"wp:featuredmedia":[{"embeddable":true,"href":"http:\/\/vocesver.com\/noticias\/wp-json\/wp\/v2\/media\/27755"}],"wp:attachment":[{"href":"http:\/\/vocesver.com\/noticias\/wp-json\/wp\/v2\/media?parent=27752"}],"wp:term":[{"taxonomy":"category","embeddable":true,"href":"http:\/\/vocesver.com\/noticias\/wp-json\/wp\/v2\/categories?post=27752"},{"taxonomy":"post_tag","embeddable":true,"href":"http:\/\/vocesver.com\/noticias\/wp-json\/wp\/v2\/tags?post=27752"}],"curies":[{"name":"wp","href":"https:\/\/api.w.org\/{rel}","templated":true}]}}