{"id":27749,"date":"2021-01-26T22:14:28","date_gmt":"2021-01-26T22:14:28","guid":{"rendered":"http:\/\/vocesver.com\/noticias\/?p=27749"},"modified":"2021-01-26T22:16:13","modified_gmt":"2021-01-26T22:16:13","slug":"carla-rodriguez-gonzaleznueva-directora-de-la-escuela-judicial-del-estado","status":"publish","type":"post","link":"http:\/\/vocesver.com\/noticias\/carla-rodriguez-gonzaleznueva-directora-de-la-escuela-judicial-del-estado\/","title":{"rendered":"CARLA RODR\u00cdGUEZ GONZ\u00c1LEZ,NUEVA DIRECTORA DE LA ESCUELA JUDICIAL DEL ESTADO."},"content":{"rendered":"<p dir=\"ltr\">AUSENCIO RIVERA\/VOCESVER.COM\/NOTICIAS<\/p>\n<p dir=\"ltr\">Xalapa, Ver.- 26 de enero de 2021.- Licenciada en Derecho, Maestra en Ciencias Jur\u00eddicas y Sociales, Consejera del Consejo de la Judicatura, Carla Rodr\u00edguez Gonz\u00e1lez asume la Direcci\u00f3n de la Escuela Judicial del Estado de Veracruz.<br \/>\nLa Magistrada Isabel In\u00e9s Romero Cruz, Presidenta del Tribunal Superior de Justicia y del Consejo de la Judicatura del Estado de Veracruz nombr\u00f3 a la Maestra Carla Rodr\u00edguez Gonz\u00e1lez en este cargo en sustituci\u00f3n del Magistrado Esteban Mart\u00ednez V\u00e1zquez, miembro del Consejo de la Judicatura del Estado.<br \/>\nAl desearle \u00e9xito en su gesti\u00f3n a la nueva titular de la Escuela Judicial de Veracruz durante su bienvenida, la Magistrada Isabel In\u00e9s Romero Cruz expres\u00f3 su confianza para mantener el camino de excelencia de la Instituci\u00f3n basado en la capacitaci\u00f3n constante de servidores p\u00fablicos y especialistas en materia jur\u00eddica de toda la Entidad.<br \/>\n\u201cMaestra, damos toda la confianza a su persona para que la Escuela Judicial camine como hasta ahora y mejoremos los cursos, capacitaciones, en especial, en la materia laboral que iniciaremos en febrero. Los exhorto a que le pongamos muchas ganas a este tema de la materia laboral\u201d.<br \/>\nHizo un llamado a redoblar esfuerzos para integrar con \u00e9xito al Poder Judicial del Estado de Veracruz, a trav\u00e9s de juzgados laborales, a la Nueva Reforma Laboral a partir del mes de octubre.<br \/>\n\u201cQuiero que trabajemos muy duro y conjuntamente apoyando a la Maestra Carla Rodr\u00edguez Gonz\u00e1lez. Los sigo exhortando a que trabajemos con mucho ah\u00ednco en estos temas y apoyar como lo hemos hecho hasta ahora\u201d, indic\u00f3.<br \/>\nAl respecto, la nueva Directora de la Escuela Judicial, Maestra Carla Rodr\u00edguez Gonz\u00e1lez se comprometi\u00f3 a trabajar para que la Instituci\u00f3n siga siendo referente a nivel estatal y nacional de capacitaci\u00f3n en materia jur\u00eddica.<br \/>\n\u201cEncantada de recibir esta nueva responsabilidad, es un reto, un desaf\u00edo, pero muy honrada, muy agradecida por la confianza y vamos a echarle muchas ganas, mucho empe\u00f1o e inter\u00e9s para sacar adelante este nuevo reto profesional\u201d, subray\u00f3 la servidora p\u00fablica.<br \/>\nPor su parte, el Magistrado Esteban Mart\u00ednez V\u00e1zquez dese\u00f3 el mayor de los \u00e9xitos a su sucesora, \u201cles agradezco todas las atenciones y mis parabienes a la Maestra Carla Rodr\u00edguez en esta nueva gesti\u00f3n\u201d.<br \/>\nEstuvo presente el Magistrado, Antonio Sobrevilla Castillo; Luis Ruben Barragan R\u00edos, Secretario de Acuerdos del Consejo de la Judicatura del Estado de Veracruz y la Directora General de Administraci\u00f3n del Poder Judicial del Estado de Veracruz, Joana Marlen Bautista Flores.<\/p>\n<div id=\"x_mail-app-auto-default-signature\">\n<p dir=\"ltr\">&#8212;<\/p>\n<\/div>\n","protected":false},"excerpt":{"rendered":"<p>AUSENCIO RIVERA\/VOCESVER.COM\/NOTICIAS Xalapa, Ver.- 26 de enero de 2021.- Licenciada en Derecho, Maestra en Ciencias Jur\u00eddicas y Sociales, Consejera del<\/p>\n","protected":false},"author":2,"featured_media":27751,"comment_status":"open","ping_status":"open","sticky":false,"template":"","format":"standard","meta":{"colormag_page_container_layout":"default_layout","colormag_page_sidebar_layout":"default_layout","footnotes":""},"categories":[2],"tags":[],"class_list":["post-27749","post","type-post","status-publish","format-standard","has-post-thumbnail","hentry","category-infogral"],"_links":{"self":[{"href":"http:\/\/vocesver.com\/noticias\/wp-json\/wp\/v2\/posts\/27749","targetHints":{"allow":["GET"]}}],"collection":[{"href":"http:\/\/vocesver.com\/noticias\/wp-json\/wp\/v2\/posts"}],"about":[{"href":"http:\/\/vocesver.com\/noticias\/wp-json\/wp\/v2\/types\/post"}],"author":[{"embeddable":true,"href":"http:\/\/vocesver.com\/noticias\/wp-json\/wp\/v2\/users\/2"}],"replies":[{"embeddable":true,"href":"http:\/\/vocesver.com\/noticias\/wp-json\/wp\/v2\/comments?post=27749"}],"version-history":[{"count":1,"href":"http:\/\/vocesver.com\/noticias\/wp-json\/wp\/v2\/posts\/27749\/revisions"}],"predecessor-version":[{"id":27750,"href":"http:\/\/vocesver.com\/noticias\/wp-json\/wp\/v2\/posts\/27749\/revisions\/27750"}],"wp:featuredmedia":[{"embeddable":true,"href":"http:\/\/vocesver.com\/noticias\/wp-json\/wp\/v2\/media\/27751"}],"wp:attachment":[{"href":"http:\/\/vocesver.com\/noticias\/wp-json\/wp\/v2\/media?parent=27749"}],"wp:term":[{"taxonomy":"category","embeddable":true,"href":"http:\/\/vocesver.com\/noticias\/wp-json\/wp\/v2\/categories?post=27749"},{"taxonomy":"post_tag","embeddable":true,"href":"http:\/\/vocesver.com\/noticias\/wp-json\/wp\/v2\/tags?post=27749"}],"curies":[{"name":"wp","href":"https:\/\/api.w.org\/{rel}","templated":true}]}}