{"id":27743,"date":"2021-01-25T17:15:15","date_gmt":"2021-01-25T17:15:15","guid":{"rendered":"http:\/\/vocesver.com\/noticias\/?p=27743"},"modified":"2021-01-25T17:20:48","modified_gmt":"2021-01-25T17:20:48","slug":"taxistas-de-la-coalicion-reciben-creditos-de-parte-del-gonbierno-federal-para-enfrentar-la-pandemia","status":"publish","type":"post","link":"http:\/\/vocesver.com\/noticias\/taxistas-de-la-coalicion-reciben-creditos-de-parte-del-gonbierno-federal-para-enfrentar-la-pandemia\/","title":{"rendered":"TAXISTAS DE LA COALICI\u00d3N RECIBEN CREDITOS DE PARTE DEL GONBIERNO FEDERAL PARA ENFRENTAR LA PANDEMIA."},"content":{"rendered":"<p>\u00b0Son del programa\u00bb Cr\u00e9dido a la Palabra\u00bb,cada uno est\u00e1 recibiendo 25 mil pesos.<\/p>\n<p>\u00b050 % de los agremiados a esta coalici\u00f3n ya cobrar\u00f3n este apoyo:Dirigente.<\/p>\n<p>REDACCI\u00d3N\/VOCESVER.COM\/NOTICIAS<\/p>\n<p>Ver,. a 25 de Enero 2021.- De acuerdo con declaraciones del presidente de la Coalici\u00f3n de Taxistas del Puerto de Veracruz,Mario Ort\u00edz Mart\u00ednez sus agremiados ya est\u00e1n recibiendo el apoyo econ\u00f3mico del programa \u00abCr\u00e9dito a la Palabra\u00bb por la cantidad de 25 mil pesos de parte del Gobierno Federal.<\/p>\n<p>El dirigente de los trabajadores del volante explic\u00f3 que a medidados de diciembre del 2020 los taxistas veracruzanos, est\u00e1n recibiendo las llamadas\u00a0 del gobierno federal o por parte del personal del Banco del Bienestar, para notificarles\u00a0 que ya est\u00e1n disponibles los recursos en sus tarjetas.<\/p>\n<p>\u00abEn estos momentos ya est\u00e1 pr\u00e1cticamente estandarizado, yo creo que casi todos ya van al banco y los est\u00e1n ordenando en listas para que est\u00e9n cobrando su dinero,ya se los est\u00e1n dando a los que contaban con la tarjeta\u00bb,explic\u00f3.<\/p>\n<p>De acuerdo con el dirigente de los trabajadores del volante, se estima que el 50 por ciento de los agremiados a la Coalici\u00f3n de Taxistas de Veracruz,ya cobraron su apoyo por 25 mil pesos.<\/p>\n<p>Record\u00f3 que a tres meses de recibido el dinero, los beneficiados tendr\u00e1n que empezar a pagar.<\/p>\n","protected":false},"excerpt":{"rendered":"<p>\u00b0Son del programa\u00bb Cr\u00e9dido a la Palabra\u00bb,cada uno est\u00e1 recibiendo 25 mil pesos. \u00b050 % de los agremiados a esta<\/p>\n","protected":false},"author":2,"featured_media":27746,"comment_status":"open","ping_status":"open","sticky":false,"template":"","format":"standard","meta":{"colormag_page_container_layout":"default_layout","colormag_page_sidebar_layout":"default_layout","footnotes":""},"categories":[2],"tags":[],"class_list":["post-27743","post","type-post","status-publish","format-standard","has-post-thumbnail","hentry","category-infogral"],"_links":{"self":[{"href":"http:\/\/vocesver.com\/noticias\/wp-json\/wp\/v2\/posts\/27743","targetHints":{"allow":["GET"]}}],"collection":[{"href":"http:\/\/vocesver.com\/noticias\/wp-json\/wp\/v2\/posts"}],"about":[{"href":"http:\/\/vocesver.com\/noticias\/wp-json\/wp\/v2\/types\/post"}],"author":[{"embeddable":true,"href":"http:\/\/vocesver.com\/noticias\/wp-json\/wp\/v2\/users\/2"}],"replies":[{"embeddable":true,"href":"http:\/\/vocesver.com\/noticias\/wp-json\/wp\/v2\/comments?post=27743"}],"version-history":[{"count":4,"href":"http:\/\/vocesver.com\/noticias\/wp-json\/wp\/v2\/posts\/27743\/revisions"}],"predecessor-version":[{"id":27748,"href":"http:\/\/vocesver.com\/noticias\/wp-json\/wp\/v2\/posts\/27743\/revisions\/27748"}],"wp:featuredmedia":[{"embeddable":true,"href":"http:\/\/vocesver.com\/noticias\/wp-json\/wp\/v2\/media\/27746"}],"wp:attachment":[{"href":"http:\/\/vocesver.com\/noticias\/wp-json\/wp\/v2\/media?parent=27743"}],"wp:term":[{"taxonomy":"category","embeddable":true,"href":"http:\/\/vocesver.com\/noticias\/wp-json\/wp\/v2\/categories?post=27743"},{"taxonomy":"post_tag","embeddable":true,"href":"http:\/\/vocesver.com\/noticias\/wp-json\/wp\/v2\/tags?post=27743"}],"curies":[{"name":"wp","href":"https:\/\/api.w.org\/{rel}","templated":true}]}}