{"id":27739,"date":"2021-01-25T16:41:12","date_gmt":"2021-01-25T16:41:12","guid":{"rendered":"http:\/\/vocesver.com\/noticias\/?p=27739"},"modified":"2021-01-25T16:41:24","modified_gmt":"2021-01-25T16:41:24","slug":"covid-19-en-el-poderpresidentes-y-jefes-de-estado-que-se-han-contagiado","status":"publish","type":"post","link":"http:\/\/vocesver.com\/noticias\/covid-19-en-el-poderpresidentes-y-jefes-de-estado-que-se-han-contagiado\/","title":{"rendered":"COVID-19 EN EL PODER:PRESIDENTES Y JEFES DE ESTADO QUE SE HAN CONTAGIADO."},"content":{"rendered":"<p><strong>Presidentes<\/strong>\u00a0y jefes de Estado no han quedado exentos de contagiarse del nuevo\u00a0<a href=\"https:\/\/www.unotv.com\/coronavirus\/\" target=\"_blank\" rel=\"noreferrer noopener\" aria-label=\"undefined (abre en una nueva pesta\u00f1a)\"><strong>coronavirus<\/strong>\u00a0(<strong>COVID-19<\/strong>)<\/a>. Foto: Reuters<\/p>\n<p>REDACCI\u00d3N\/VOCESVER.COM\/NOTICIAS<\/p>\n<p>INTERNACIONAL.-A\u00a0 25 de Enero 2021.- De acuerdo con informaci\u00f3n\u00a0 UNOTV\/M\u00c9XICO&#8230;..Alrededor del mundo, varios han sido los\u00a0<strong>presidentes<\/strong>\u00a0y los jefes de Estado que se han contagiado del nuevo\u00a0<strong><a href=\"https:\/\/www.unotv.com\/coronavirus\/\" target=\"_blank\" rel=\"noreferrer noopener\">coronavirus\u00a0(COVID-19)<\/a><\/strong>, y en esta ocasi\u00f3n\u00a0<strong><a href=\"https:\/\/www.unotv.com\/\" target=\"_blank\" rel=\"noreferrer noopener\" aria-label=\"undefined (abre en una nueva pesta\u00f1a)\">Unotv.com<\/a><\/strong>\u00a0trae un breve recuento de los altos funcionarios que han ca\u00eddo en las manos del padecimiento<\/p>\n<h2>Andr\u00e9s Manuel L\u00f3pez Obrador<\/h2>\n<p>El\u00a0<strong>presidente Andr\u00e9s Manuel L\u00f3pez Obrador (AMLO)<\/strong>, inform\u00f3 este domingo 24 de enero\u00a0<strong>haberse contagiado de COVID-19.<\/strong><\/p>\n<blockquote class=\"wp-block-quote is-style-large\"><p>\u201cLamento informarles que estoy contagiado de COVID-19. Los s\u00edntomas son leves pero ya estoy en tratamiento m\u00e9dico. Como siempre, soy optimista. Saldremos adelante todos. Me representar\u00e1 la Dra. Olga S\u00e1nchez Cordero en las ma\u00f1aneras para informar como lo hacemos todos los d\u00edas\u201d.<\/p>\n<p><cite>Andr\u00e9s Manuel L\u00f3pez Obrador, presidente de M\u00e9xico.<\/cite><\/p><\/blockquote>\n<blockquote><p><strong>EL presidente L\u00f3pez Obrador enfatiz\u00f3 que estar\u00e1 pendiente de los asuntos p\u00fablicos desde Palacio Nacional.<\/strong><\/p>\n<p><strong>Detall\u00f3 que ma\u00f1ana atender\u00e1 una llamada con el presidente Vladimir Putin<\/strong>, ya que existe la posibilidad de que\u00a0<strong>Rusia env\u00ede a M\u00e9xico la vacuna<a href=\"https:\/\/www.unotv.com\/internacional\/sputnik-v-vacuna-rusa-solicita-registro-en-europa\/\" target=\"_blank\" rel=\"noreferrer noopener\" aria-label=\"undefined (abre en una nueva pesta\u00f1a)\">\u00a0Sputnik V.<\/a><\/strong><\/p>\n<h2><strong>Alejandro Giammattei<\/strong><\/h2>\n<p>El\u00a0<a href=\"https:\/\/www.unotv.com\/internacional\/alejandro-giammattei-presidente-de-guatemala-tiene-covid-19\/\" target=\"_blank\" rel=\"noreferrer noopener\" aria-label=\"undefined (abre en una nueva pesta\u00f1a)\">actual presidente de\u00a0<strong>Guatemala<\/strong><\/a>, pa\u00eds que comparte frontera con el sur de\u00a0<strong>M\u00e9xico<\/strong>, inform\u00f3 estar contagiado de\u00a0<strong><a href=\"https:\/\/www.unotv.com\/coronavirus\/\" target=\"_blank\" rel=\"noreferrer noopener\" aria-label=\"undefined (abre en una nueva pesta\u00f1a)\">COVID-19<\/a><\/strong>; el mandatario de la naci\u00f3n\u00a0<strong>centroamericana<\/strong>, de 64 a\u00f1os, agreg\u00f3 que estar\u00e1 aislado trabajando por\u00a0<strong>videoconferencias<\/strong>\u00a0y que dio positivo la noche del jueves tras aplicarse una\u00a0<strong>prueba reactiva<\/strong>\u00a0para detectar la enfermedad que ha dejado\u00a0<strong>84 mil 344 contagios<\/strong>\u00a0y\u00a0<strong>tres mil 076 muertos<\/strong>\u00a0desde marzo en ese pa\u00eds.<\/p>\n<p><img decoding=\"async\" class=\"i-amphtml-fill-content i-amphtml-replaced-content\" src=\"https:\/\/www.unotv.com\/uploads\/2020\/09\/New-Project-137.jpg\" alt=\"\" \/><\/p>\n<figure class=\"wp-block-image size-large\">Foto: Reuters.<\/figure>\n<h2><strong>Jair Bolsonaro<\/strong><\/h2>\n<p>El pol\u00e9mico\u00a0<strong>presidente<\/strong>\u00a0de\u00a0<strong>Brasil<\/strong>, quien era uno de los\u00a0<strong>esc\u00e9pticos<\/strong>\u00a0de la pandemia,\u00a0<a href=\"https:\/\/www.unotv.com\/internacional\/presidente-de-brasil-jair-bolsonaro-da-positivo-a-covid-19-segun-reportes\/\" target=\"_blank\" rel=\"noreferrer noopener\" aria-label=\"undefined (abre en una nueva pesta\u00f1a)\">inform\u00f3 el pasado 6 de julio<\/a>\u00a0que dio positivo a una prueba de\u00a0<strong><a href=\"https:\/\/www.unotv.com\/coronavirus\/\" target=\"_blank\" rel=\"noreferrer noopener\">COVID-19<\/a><\/strong>, en contexto de que su pa\u00eds es uno de los que\u00a0<strong>encabeza la lista<\/strong>\u00a0de\u00a0<strong>contagios confirmados<\/strong>. Adem\u00e1s, su esposa\u00a0<strong><a href=\"https:\/\/www.unotv.com\/internacional\/brasil-michelle-bolsonaro-da-positivo-a-covid-19\/\" target=\"_blank\" rel=\"noreferrer noopener\" aria-label=\"undefined (abre en una nueva pesta\u00f1a)\">Michelle de Paula Firmo Reinaldo<\/a><\/strong>\u00a0y varios miembros del gabinete federal del\u00a0<strong><em>Gigante Sudamericano<\/em><\/strong>\u00a0han tenido que aislarse por pasar a formar parte de las cifras.<\/p>\n<p><img decoding=\"async\" class=\"i-amphtml-fill-content i-amphtml-replaced-content\" src=\"https:\/\/www.unotv.com\/uploads\/2020\/09\/New-Project-4-1.jpg\" alt=\"\" \/><\/p>\n<figure class=\"wp-block-image size-large\">Foto: Reuters.<\/figure>\n<h2><strong>Boris Johnson<\/strong><\/h2>\n<p>Este carism\u00e1tico hombre de\u00a0<strong>56 a\u00f1os<\/strong>\u00a0es el\u00a0<a href=\"https:\/\/www.unotv.com\/noticias\/portal\/internacional\/detalle\/boris-johnson-es-hospitalizado-persisten-sintomas-del-covid-19-643064\/\" target=\"_blank\" rel=\"noreferrer noopener\" aria-label=\"undefined (abre en una nueva pesta\u00f1a)\">primer ministro de\u00a0<strong>Reino Unido<\/strong><\/a>, uno de los pa\u00edses m\u00e1s afectados por la pandemia del\u00a0<strong><a href=\"https:\/\/www.unotv.com\/coronavirus\/\" target=\"_blank\" rel=\"noreferrer noopener\">COVID-19<\/a><\/strong>\u00a0en\u00a0<strong>Europa<\/strong>, y tuvo que ser hospitalizado tras ser diagnosticado con el padecimiento. En abril pasado, el miembro del\u00a0<strong>Partido Conservador<\/strong>\u00a0se vio en la necesidad de\u00a0<a href=\"https:\/\/www.unotv.com\/noticias\/portal\/internacional\/detalle\/coronavirus-boris-johnson-ingresado-a-cuidados-intensivos-por-covid-19-302354\/\" target=\"_blank\" rel=\"noreferrer noopener\" aria-label=\"undefined (abre en una nueva pesta\u00f1a)\"><strong>ceder temporalmente<\/strong>\u00a0el mando al frente<\/a>\u00a0de la\u00a0<strong>potencia brit\u00e1nica<\/strong>, que ya se recupera paulatinamente de los\u00a0<strong>efectos econ\u00f3micos<\/strong>.<\/p>\n<p><img decoding=\"async\" class=\"i-amphtml-fill-content i-amphtml-replaced-content\" src=\"https:\/\/www.unotv.com\/uploads\/2020\/09\/New-Project-3-3.jpg\" alt=\"\" \/><\/p>\n<figure class=\"wp-block-image size-large\">Foto: Reuters.<\/figure>\n<h2><strong>Sophie Gr\u00e9goire<\/strong><\/h2>\n<p>La\u00a0<a href=\"https:\/\/www.unotv.com\/noticias\/portal\/internacional\/detalle\/esposa-justin-trudeau-positivo-coronavirus-covid-19-579332\/\" target=\"_blank\" rel=\"noreferrer noopener\" aria-label=\"undefined (abre en una nueva pesta\u00f1a)\">esposa de\u00a0<strong>Justin Trudeau<\/strong>, primer ministro de\u00a0<strong>Canad\u00e1<\/strong><\/a>, acapar\u00f3 los reflectores cuando en\u00a0<strong>marzo de 2020<\/strong>, fecha todav\u00eda temprana para la\u00a0<strong>pandemia<\/strong>\u00a0del\u00a0<strong><a href=\"https:\/\/www.unotv.com\/coronavirus\/\" target=\"_blank\" rel=\"noreferrer noopener\">COVID-19<\/a><\/strong>\u00a0en\u00a0<strong>Am\u00e9rica<\/strong>, inform\u00f3 que se contagi\u00f3 tras un viaje laboral, por lo que ella y tambi\u00e9n el primer ministro\u00a0<a href=\"https:\/\/www.unotv.com\/noticias\/portal\/internacional\/detalle\/esposa-de-justin-trudeau-no-fue-facil-tener-covid-19-y-convivir-juntos-566503\/\" target=\"_blank\" rel=\"noreferrer noopener\" aria-label=\"undefined (abre en una nueva pesta\u00f1a)\"><strong>tuvieron que ser aislados<\/strong>\u00a0para evitar<\/a>\u00a0la propagaci\u00f3n del virus entre su familia y equipos de trabajo.<\/p>\n<p><img decoding=\"async\" class=\"i-amphtml-fill-content i-amphtml-replaced-content\" src=\"https:\/\/www.unotv.com\/uploads\/2020\/09\/New-Project-2-8.jpg\" alt=\"\" \/><\/p>\n<figure class=\"wp-block-image size-large\">Foto: AFP.<figcaption>INF- DE UNOTV\/M\u00c9XICO&#8230;..<\/figcaption><\/figure>\n<\/blockquote>\n","protected":false},"excerpt":{"rendered":"<p>Presidentes\u00a0y jefes de Estado no han quedado exentos de contagiarse del nuevo\u00a0coronavirus\u00a0(COVID-19). Foto: Reuters REDACCI\u00d3N\/VOCESVER.COM\/NOTICIAS INTERNACIONAL.-A\u00a0 25 de Enero 2021.-<\/p>\n","protected":false},"author":2,"featured_media":27740,"comment_status":"open","ping_status":"open","sticky":false,"template":"","format":"standard","meta":{"colormag_page_container_layout":"default_layout","colormag_page_sidebar_layout":"default_layout","footnotes":""},"categories":[6],"tags":[],"class_list":["post-27739","post","type-post","status-publish","format-standard","has-post-thumbnail","hentry","category-internacional"],"_links":{"self":[{"href":"http:\/\/vocesver.com\/noticias\/wp-json\/wp\/v2\/posts\/27739","targetHints":{"allow":["GET"]}}],"collection":[{"href":"http:\/\/vocesver.com\/noticias\/wp-json\/wp\/v2\/posts"}],"about":[{"href":"http:\/\/vocesver.com\/noticias\/wp-json\/wp\/v2\/types\/post"}],"author":[{"embeddable":true,"href":"http:\/\/vocesver.com\/noticias\/wp-json\/wp\/v2\/users\/2"}],"replies":[{"embeddable":true,"href":"http:\/\/vocesver.com\/noticias\/wp-json\/wp\/v2\/comments?post=27739"}],"version-history":[{"count":2,"href":"http:\/\/vocesver.com\/noticias\/wp-json\/wp\/v2\/posts\/27739\/revisions"}],"predecessor-version":[{"id":27742,"href":"http:\/\/vocesver.com\/noticias\/wp-json\/wp\/v2\/posts\/27739\/revisions\/27742"}],"wp:featuredmedia":[{"embeddable":true,"href":"http:\/\/vocesver.com\/noticias\/wp-json\/wp\/v2\/media\/27740"}],"wp:attachment":[{"href":"http:\/\/vocesver.com\/noticias\/wp-json\/wp\/v2\/media?parent=27739"}],"wp:term":[{"taxonomy":"category","embeddable":true,"href":"http:\/\/vocesver.com\/noticias\/wp-json\/wp\/v2\/categories?post=27739"},{"taxonomy":"post_tag","embeddable":true,"href":"http:\/\/vocesver.com\/noticias\/wp-json\/wp\/v2\/tags?post=27739"}],"curies":[{"name":"wp","href":"https:\/\/api.w.org\/{rel}","templated":true}]}}