{"id":27736,"date":"2021-01-25T16:31:13","date_gmt":"2021-01-25T16:31:13","guid":{"rendered":"http:\/\/vocesver.com\/noticias\/?p=27736"},"modified":"2021-01-25T16:31:24","modified_gmt":"2021-01-25T16:31:24","slug":"amlo-sigue-dirigiendo-al-gobierno-a-distanciase-encuentra-bien-y-fuertesanchez-cordero","status":"publish","type":"post","link":"http:\/\/vocesver.com\/noticias\/amlo-sigue-dirigiendo-al-gobierno-a-distanciase-encuentra-bien-y-fuertesanchez-cordero\/","title":{"rendered":"AMLO SIGUE DIRIGIENDO AL GOBIERNO A DISTANCIA;SE ENCUENTRA BIEN Y FUERTE:S\u00c1NCHEZ CORDERO."},"content":{"rendered":"<p>&nbsp;<\/p>\n<p>Olga S\u00e1nchez Cordero asegur\u00f3 que AMLO es un servidor p\u00fablico comprometido con el pueblo de M\u00e9xico. | Foto: Captura de pantalla \u2013 Gobierno de M\u00e9xico<\/p>\n<p>REDACCI\u00d3N\/VOCEVER.COM\/NOTICIAS<\/p>\n<p><strong><a href=\"https:\/\/www.unotv.com\/nacional\/quien-estara-a-cargo-de-la-presidencia-ahora-que-amlo-tiene-covid-19\/\" target=\"_blank\" rel=\"noreferrer noopener\" aria-label=\"undefined (abre en una nueva pesta\u00f1a)\">NACIONAL.- A\u00a0 25 de Enero 2021.- De acuierdo con informaci\u00f3n de UNOTV\/M\u00c9XICO&#8230;..Olga S\u00e1nchez Cordero, secretaria de Gobernaci\u00f3n (Segob)<\/a>\u00a0<\/strong>encabez\u00f3 la conferencia de prensa ma\u00f1anera del\u00a0<a href=\"https:\/\/www.unotv.com\/nacional\/amlo-tiene-covid-19-lo-anuncia-con-este-mensaje\/\" target=\"_blank\" rel=\"noreferrer noopener\" aria-label=\"undefined (abre en una nueva pesta\u00f1a)\"><strong>presidente Andr\u00e9s Manuel L\u00f3pez Obrador (AMLO),<\/strong>\u00a0luego de que el mandatario informar\u00e1 que ha\u00a0<strong>dado positivo a COVID-19.<\/strong><\/a><\/p>\n<p>Desde Palacio Nacional,<strong>\u00a0Olga S\u00e1nchez Cordero asegur\u00f3 que el presidente L\u00f3pez Obrador contin\u00faa en pleno ejercicio de sus funciones como presidente de la Rep\u00fablica.<\/strong><\/p>\n<p><strong>S\u00e1nchez Cordero asegur\u00f3 que el presidente AMLO presenta s\u00edntomas leves<\/strong>\u00a0\u201cpor lo que es de esperarse una recuperaci\u00f3n pronta y satisfactoria\u201d.<\/p>\n<h2>S\u00e1nchez Cordero solo representar\u00e1 al presidente en las ma\u00f1aneras<\/h2>\n<p><strong>La titular de la Secretar\u00eda de Gobernaci\u00f3n dejo en claro que representar\u00e1 a AMLO<\/strong>,\u00a0<strong>\u00fanica y exclusivamente\u00a0<\/strong>para seguir con el ejercicio de rendici\u00f3n de cuentas,\u00a0<strong>que son las conferencias matutinas<\/strong>, tambi\u00e9n conocidas como \u201cma\u00f1aneras\u201d.<\/p>\n<blockquote class=\"wp-block-quote is-style-large\"><p>\u201cLa instrucci\u00f3n que ha dado el se\u00f1or presidente es clara y precisa, atender los asuntos p\u00fablicos que el mismo indique para seguir informando al pueblo de M\u00e9xico sobre la situaci\u00f3n en que se encuentra nuestro pa\u00eds en estos rubros\u201d.<\/p>\n<p><cite>Olga S\u00e1nchez Cordero, titular de la Segob.<\/cite><\/p><\/blockquote>\n<p><strong>Olga S\u00e1nchez Cordero asegur\u00f3 que\u00a0<a href=\"https:\/\/www.unotv.com\/nacional\/amlo-tiene-covid-19-y-genera-reacciones-en-funcionarios\/\" target=\"_blank\" rel=\"noreferrer noopener\" aria-label=\"undefined (abre en una nueva pesta\u00f1a)\">AMLO es un servido p\u00fablico comprometido<\/a><\/strong>\u00a0con el pueblo de M\u00e9xico.<\/p>\n<blockquote class=\"wp-block-quote is-style-large\"><p>\u201cPor lo que incluso en esas circunstancias, sigue dirigiendo a distancia los esfuerzos de esta cuarta transformaci\u00f3n de la vida p\u00fablica de M\u00e9xico\u201d.<\/p>\n<p><cite>Olga S\u00e1nchez Cordero, titular de la Segob.<\/cite><\/p><\/blockquote>\n<h2>L\u00f3pez Obrador se encuentra en pleno ejercicio de sus funciones<\/h2>\n<p>\u201cEl presidente de todas y de todos los mexicanos es uno,<strong>\u00a0el presidente Andr\u00e9s Manuel L\u00f3pez Obrador.<\/strong>\u00a0\u00a0<strong>Y que debe quedar claro<\/strong>,\u00a0<strong>se encuentra en pleno ejercicio de sus funciones como presidente de la Rep\u00fablica\u201d<\/strong>, dijo.<\/p>\n<p>La tambi\u00e9n ministra en retiro afirm\u00f3 que<strong>\u00a0AMLO continuar\u00e1 pendiente de los asuntos p\u00fablicos del pa\u00eds.<\/strong><\/p>\n<p>Asegur\u00f3 que\u00a0<strong><a href=\"https:\/\/www.unotv.com\/nacional\/amlo-con-sintomas-leves-de-covid-19-y-es-monitoreado-alomia-zegarra\/\" target=\"_blank\" rel=\"noreferrer noopener\" aria-label=\"undefined (abre en una nueva pesta\u00f1a)\">AMLO se encuentra bien y se encuentra al pendiente de los asuntos p\u00fablicos de M\u00e9xico.<\/a><\/strong><\/p>\n<blockquote class=\"wp-block-quote is-style-large\"><p>\u201cPodemos decir con toda sinceridad y franqueza que se encuentra bien, se encuentra fuerte y se encuentra resolviendo y al pendiente de todos los asuntos p\u00fablicos y atender\u00e1 de manera remota algunas reuniones y dando las instrucciones necesarias\u201d.<\/p>\n<p>INF. DE UNOTV\/M\u00c9XICO&#8230;..<\/p><\/blockquote>\n","protected":false},"excerpt":{"rendered":"<p>&nbsp; Olga S\u00e1nchez Cordero asegur\u00f3 que AMLO es un servidor p\u00fablico comprometido con el pueblo de M\u00e9xico. | Foto: Captura<\/p>\n","protected":false},"author":2,"featured_media":27737,"comment_status":"open","ping_status":"open","sticky":false,"template":"","format":"standard","meta":{"colormag_page_container_layout":"default_layout","colormag_page_sidebar_layout":"default_layout","footnotes":""},"categories":[5],"tags":[],"class_list":["post-27736","post","type-post","status-publish","format-standard","has-post-thumbnail","hentry","category-nacional"],"_links":{"self":[{"href":"http:\/\/vocesver.com\/noticias\/wp-json\/wp\/v2\/posts\/27736","targetHints":{"allow":["GET"]}}],"collection":[{"href":"http:\/\/vocesver.com\/noticias\/wp-json\/wp\/v2\/posts"}],"about":[{"href":"http:\/\/vocesver.com\/noticias\/wp-json\/wp\/v2\/types\/post"}],"author":[{"embeddable":true,"href":"http:\/\/vocesver.com\/noticias\/wp-json\/wp\/v2\/users\/2"}],"replies":[{"embeddable":true,"href":"http:\/\/vocesver.com\/noticias\/wp-json\/wp\/v2\/comments?post=27736"}],"version-history":[{"count":1,"href":"http:\/\/vocesver.com\/noticias\/wp-json\/wp\/v2\/posts\/27736\/revisions"}],"predecessor-version":[{"id":27738,"href":"http:\/\/vocesver.com\/noticias\/wp-json\/wp\/v2\/posts\/27736\/revisions\/27738"}],"wp:featuredmedia":[{"embeddable":true,"href":"http:\/\/vocesver.com\/noticias\/wp-json\/wp\/v2\/media\/27737"}],"wp:attachment":[{"href":"http:\/\/vocesver.com\/noticias\/wp-json\/wp\/v2\/media?parent=27736"}],"wp:term":[{"taxonomy":"category","embeddable":true,"href":"http:\/\/vocesver.com\/noticias\/wp-json\/wp\/v2\/categories?post=27736"},{"taxonomy":"post_tag","embeddable":true,"href":"http:\/\/vocesver.com\/noticias\/wp-json\/wp\/v2\/tags?post=27736"}],"curies":[{"name":"wp","href":"https:\/\/api.w.org\/{rel}","templated":true}]}}