{"id":27733,"date":"2021-01-25T16:18:31","date_gmt":"2021-01-25T16:18:31","guid":{"rendered":"http:\/\/vocesver.com\/noticias\/?p=27733"},"modified":"2021-01-25T16:20:14","modified_gmt":"2021-01-25T16:20:14","slug":"el-gobierno-federal-no-va-a-poder-solo-con-el-paquete-de-distribuir-130-millones-de-vacunas","status":"publish","type":"post","link":"http:\/\/vocesver.com\/noticias\/el-gobierno-federal-no-va-a-poder-solo-con-el-paquete-de-distribuir-130-millones-de-vacunas\/","title":{"rendered":"EL GOBIERNO FEDERAL NO VA A PODER SOLO CON EL PAQUETE DE DISTRIBUIR 130 MILLONES DE VACUNAS."},"content":{"rendered":"<p>&nbsp;<\/p>\n<p>&nbsp;<\/p>\n<p>-La distribuci\u00f3n de las vacunas tuvo que haber sido pensada desde el inicio con la participaci\u00f3n de gobiernos locales y municipales.<\/p>\n<p>&#8211; No queda claro si el dinero de los fideicomisos desaparecidos y del fondo de salud se ha gastado en vacunas.<\/p>\n<p>-No podemos manejar como estrategia que los j\u00f3venes se vacunen en marzo del 2022<\/p>\n<p>Veracruz, Veracruz 22 enero 2021<\/p>\n<p>REDACCI\u00d3N\/VOCESVER.COM\/NOTICIAS<\/p>\n<p>Veracruz,Ver.-\u00a0Trabajar de manera individual para agilizar el combate del COVID19 a trav\u00e9s de las vacunas no es lo correcto, asegur\u00f3 Angelo Arturo Mattiello Guerrero, presidente asociaci\u00f3n nacional de consejos de participaci\u00f3n c\u00edvica para la zona conurbada Veracruz, Boca del R\u00edo, Medell\u00edn y Alvarado. El Gobierno federal desde el inicio debi\u00f3 implementar una estrategia conjunta con diferentes sectores de la sociedad.<\/p>\n<p>\u201cAdem\u00e1s son dos dosis, en total 260 millones de vacunas en todo el pa\u00eds, me parece rid\u00edculo siquiera pensar que el Gobierno federal tiene la capacidad log\u00edstica para cumplir con este trabajo. El trabajo siempre tuvo que haber sido pensado para involucrar a gobiernos locales, gobiernos municipales e iniciativa privada.\u201d<\/p>\n<p>Mattiello celebr\u00f3 que el presidente Andr\u00e9s Manuel L\u00f3pez Obrador haya liberado hoy la posibilidad de compra de vacunas a gobernadores e iniciativa privada: \u201cAs\u00ed el Ejecutivo se puede concentrar en lo que le corresponde; que la vacuna sea gratuita para las personas con menos recursos y que as\u00ed llegue a todos los rincones del pa\u00eds no solo a las grandes ciudades\u201d.<\/p>\n<p>Reiter\u00f3 que es tonto querer centralizar la distribuci\u00f3n de este ant\u00eddoto en medio de una crisis como la que se vive: \u201cNo s\u00e9 si se hizo con intenciones nefastas, pero tal vez s\u00ed con la de colgarse la medallita, pero no son tiempos de medallitas, son tiempos de pandemia.\u201d<\/p>\n<p>Mattiello quien tambi\u00e9n es maestro, habl\u00f3 de la decisi\u00f3n del mandatario mexicano de aceptar menos vacunas de la farmac\u00e9utica Pfizer para, seg\u00fan lo dicho por el Gobierno, dar ant\u00eddotos a pa\u00edses sin recursos: \u201cMe hubiera gustado m\u00e1s que se hubiera terminado de vacunar a nuestro personal m\u00e9dico tanto p\u00fablico como privado y despu\u00e9s cumplir con el acuerdo. Seamos solidarios, pero primero cumplamos con lo b\u00e1sico.\u201d<\/p>\n<p>Dijo: \u201cEn este caso hubo informaci\u00f3n incompleta, porque Pfizer ten\u00eda que cumplir con el contrato con los Estados Unidos, 100 millones de vacunas en 100 d\u00edas, y hubiera sido m\u00e1s f\u00e1cil para el Gobierno de M\u00e9xico reconocer que se trabajaba de manera conjunta y no omitir.\u201d<\/p>\n<p>\u201cLas decisiones tomadas desde el principio, antes de abrir la posibilidad a gobierno estatales y municipales de comprar de manera independiente las vacunas, reflejan hoy una realidad: muchos puntos del pa\u00eds tendr\u00e1n las vacunas muy tarde, inclusive hasta octubre o noviembre. Mucho despu\u00e9s de lo que otros lugares en el mundo lo har\u00e1n\u201d.<\/p>\n<p>Adem\u00e1s, dej\u00f3 una duda sobre la mesa y es que al haber desaparecido los fideicomisos se asegur\u00f3 que 86 mil millones de pesos, provenientes de los mismos y 30 mil del fondo de salud, iban a ser destinados para la vacunaci\u00f3n y no se ha visto la claridad en ese gasto.<\/p>\n<p>La participaci\u00f3n ahora de otros actores en el proceso, le quita presi\u00f3n a una crisis que ya deja tan solo en el pa\u00eds m\u00e1s de 140 mil muertos. \u201cSomos la primera naci\u00f3n con m\u00e1s personal m\u00e9dico fallecido por la pandemia y de haber seguido con la primera estrategia nuestros j\u00f3venes estar\u00edan vacun\u00e1ndose para marzo del 2022\u201d.<\/p>\n<p>Mattiello dio visto bueno a la decisi\u00f3n tomada hoy por el presidente de M\u00e9xico, pero lo calific\u00f3 mal por sus decisiones previas, determinaciones que hubieran podido evitar muchos muertos de la lista.<\/p>\n<p>&nbsp;<\/p>\n","protected":false},"excerpt":{"rendered":"<p>&nbsp; &nbsp; -La distribuci\u00f3n de las vacunas tuvo que haber sido pensada desde el inicio con la participaci\u00f3n de gobiernos<\/p>\n","protected":false},"author":2,"featured_media":27735,"comment_status":"open","ping_status":"open","sticky":false,"template":"","format":"standard","meta":{"colormag_page_container_layout":"default_layout","colormag_page_sidebar_layout":"default_layout","footnotes":""},"categories":[2],"tags":[],"class_list":["post-27733","post","type-post","status-publish","format-standard","has-post-thumbnail","hentry","category-infogral"],"_links":{"self":[{"href":"http:\/\/vocesver.com\/noticias\/wp-json\/wp\/v2\/posts\/27733","targetHints":{"allow":["GET"]}}],"collection":[{"href":"http:\/\/vocesver.com\/noticias\/wp-json\/wp\/v2\/posts"}],"about":[{"href":"http:\/\/vocesver.com\/noticias\/wp-json\/wp\/v2\/types\/post"}],"author":[{"embeddable":true,"href":"http:\/\/vocesver.com\/noticias\/wp-json\/wp\/v2\/users\/2"}],"replies":[{"embeddable":true,"href":"http:\/\/vocesver.com\/noticias\/wp-json\/wp\/v2\/comments?post=27733"}],"version-history":[{"count":1,"href":"http:\/\/vocesver.com\/noticias\/wp-json\/wp\/v2\/posts\/27733\/revisions"}],"predecessor-version":[{"id":27734,"href":"http:\/\/vocesver.com\/noticias\/wp-json\/wp\/v2\/posts\/27733\/revisions\/27734"}],"wp:featuredmedia":[{"embeddable":true,"href":"http:\/\/vocesver.com\/noticias\/wp-json\/wp\/v2\/media\/27735"}],"wp:attachment":[{"href":"http:\/\/vocesver.com\/noticias\/wp-json\/wp\/v2\/media?parent=27733"}],"wp:term":[{"taxonomy":"category","embeddable":true,"href":"http:\/\/vocesver.com\/noticias\/wp-json\/wp\/v2\/categories?post=27733"},{"taxonomy":"post_tag","embeddable":true,"href":"http:\/\/vocesver.com\/noticias\/wp-json\/wp\/v2\/tags?post=27733"}],"curies":[{"name":"wp","href":"https:\/\/api.w.org\/{rel}","templated":true}]}}