{"id":27730,"date":"2021-01-22T23:28:15","date_gmt":"2021-01-22T23:28:15","guid":{"rendered":"http:\/\/vocesver.com\/noticias\/?p=27730"},"modified":"2021-01-22T23:29:59","modified_gmt":"2021-01-22T23:29:59","slug":"organizara-prd-con-alcaldes-compra-y-suministro-de-vacunas-contra-covid","status":"publish","type":"post","link":"http:\/\/vocesver.com\/noticias\/organizara-prd-con-alcaldes-compra-y-suministro-de-vacunas-contra-covid\/","title":{"rendered":"ORGANIZAR\u00c1 PRD CON ALCALDES COMPRA Y SUMINISTRO DE VACUNAS CONTRA COVID."},"content":{"rendered":"<p>-Decreto presidencial beneficiar\u00e1 a la poblaci\u00f3n, despu\u00e9s de una estrategia fallida en programa de vacunaci\u00f3n<br \/>\nBienestar social debi\u00f3 imponerse siempre al inter\u00e9s electoral en la compra<\/p>\n<p>REDACCI\u00d3N\/VOCESVER.COM\/NOTICIAS<\/p>\n<p>Ciudad de M\u00e9xico, 22 de enero de 2021.- La dirigencia del Partido de la Revoluci\u00f3n Democr\u00e1tica en Veracruz dialogar\u00e1 a la brevedad con las y los mun\u00edcipes emanados de este partido para delinear una estrategia puntual y responsable a fin de que, de acuerdo a las normativas y leyes correspondientes, puedan participar de esquemas de compra de vacunas contra Covid-19 de manera responsable para beneficio de sus ciudadanos, anunci\u00f3 Sergio Cadena Mart\u00ednez, presidente de la Direcci\u00f3n Estatal Ejecutiva.<br \/>\nLo anterior, ante el anuncio del Ejecutivo de que permitir\u00e1 que la iniciativa privada, estados y municipios puedan invertir recursos en la compra de las mismas, por lo que estar\u00e1 en permanente comunicaci\u00f3n con las y los alcaldes para encontrar esquemas de participaci\u00f3n que lleven el mayor beneficio posible a todas familias de los municipios donde son gobierno.<br \/>\nAgreg\u00f3 que esperan contar con el apoyo de las autoridades de Veracruz, en especial del Congreso local, a fin de que no intervenga de manera negativa, quiz\u00e1 con posibles fines electorales, imponiendo alg\u00fan tipo de \u201ctraba\u201d para su adquisici\u00f3n y la asignaci\u00f3n de recurso para dicho fin, lo que ser\u00eda perjudicial para todos los ciudadanos.<br \/>\nSe\u00f1al\u00f3 que el Partido de la Revoluci\u00f3n Democr\u00e1tica en Veracruz reconoce la disposici\u00f3n del Presidente L\u00f3pez Obrador de corregir la estrategia inicial que err\u00f3 su gobierno para la distribuci\u00f3n y aplicaci\u00f3n de vacunas contra Covid-19, y que en su momento el partido del sol azteca se lo hizo notar.<br \/>\nCadena Mart\u00ednez hizo un llamado a todos los sectores sociales y privados para sumar esfuerzos m\u00e1s all\u00e1 de siglas y colores partidistas, ya que lo importante es la salud de las y los ciudadanos, quienes al tener acceso a la vacuna podr\u00e1n retomar sus actividades de manera pronta, lo que contribuir\u00e1 a la reactivaci\u00f3n econ\u00f3mica del estado y del pa\u00eds.<\/p>\n","protected":false},"excerpt":{"rendered":"<p>-Decreto presidencial beneficiar\u00e1 a la poblaci\u00f3n, despu\u00e9s de una estrategia fallida en programa de vacunaci\u00f3n Bienestar social debi\u00f3 imponerse siempre<\/p>\n","protected":false},"author":2,"featured_media":27732,"comment_status":"open","ping_status":"open","sticky":false,"template":"","format":"standard","meta":{"colormag_page_container_layout":"default_layout","colormag_page_sidebar_layout":"default_layout","footnotes":""},"categories":[4],"tags":[],"class_list":["post-27730","post","type-post","status-publish","format-standard","has-post-thumbnail","hentry","category-estatal"],"_links":{"self":[{"href":"http:\/\/vocesver.com\/noticias\/wp-json\/wp\/v2\/posts\/27730","targetHints":{"allow":["GET"]}}],"collection":[{"href":"http:\/\/vocesver.com\/noticias\/wp-json\/wp\/v2\/posts"}],"about":[{"href":"http:\/\/vocesver.com\/noticias\/wp-json\/wp\/v2\/types\/post"}],"author":[{"embeddable":true,"href":"http:\/\/vocesver.com\/noticias\/wp-json\/wp\/v2\/users\/2"}],"replies":[{"embeddable":true,"href":"http:\/\/vocesver.com\/noticias\/wp-json\/wp\/v2\/comments?post=27730"}],"version-history":[{"count":1,"href":"http:\/\/vocesver.com\/noticias\/wp-json\/wp\/v2\/posts\/27730\/revisions"}],"predecessor-version":[{"id":27731,"href":"http:\/\/vocesver.com\/noticias\/wp-json\/wp\/v2\/posts\/27730\/revisions\/27731"}],"wp:featuredmedia":[{"embeddable":true,"href":"http:\/\/vocesver.com\/noticias\/wp-json\/wp\/v2\/media\/27732"}],"wp:attachment":[{"href":"http:\/\/vocesver.com\/noticias\/wp-json\/wp\/v2\/media?parent=27730"}],"wp:term":[{"taxonomy":"category","embeddable":true,"href":"http:\/\/vocesver.com\/noticias\/wp-json\/wp\/v2\/categories?post=27730"},{"taxonomy":"post_tag","embeddable":true,"href":"http:\/\/vocesver.com\/noticias\/wp-json\/wp\/v2\/tags?post=27730"}],"curies":[{"name":"wp","href":"https:\/\/api.w.org\/{rel}","templated":true}]}}