{"id":27726,"date":"2021-01-22T23:23:05","date_gmt":"2021-01-22T23:23:05","guid":{"rendered":"http:\/\/vocesver.com\/noticias\/?p=27726"},"modified":"2021-01-22T23:25:00","modified_gmt":"2021-01-22T23:25:00","slug":"impulsa-isabel-ines-romero-cruz-reforma-laboral-en-veracruz","status":"publish","type":"post","link":"http:\/\/vocesver.com\/noticias\/impulsa-isabel-ines-romero-cruz-reforma-laboral-en-veracruz\/","title":{"rendered":"IMPULSA ISABEL IN\u00c9S ROMERO CRUZ REFORMA LABORAL EN VERACRUZ."},"content":{"rendered":"<p>REDACCI\u00d3N\/VOCESVER.COM\/NOTICIAS<\/p>\n<p>C\u00f3rdoba, Ver., 22 de enero de 2021.- Al cumplir con la Segunda Etapa de la puesta en marcha de la Reforma Laboral en el Estado de Veracruz, la Magistrada Isabel In\u00e9s Romero Cruz, Presidenta del Tribunal Superior de Justicia y del Consejo de la Judicatura, present\u00f3 el Proyecto de Implementaci\u00f3n de la Reforma Laboral para adecuar la Ley Org\u00e1nica del Poder Judicial del Estado de Veracruz.<\/p>\n<p>Este viernes, con la presencia de la Secretaria de Trabajo y Previsi\u00f3n Social, Luisa Mar\u00eda Alcalde Luj\u00e1n, se llev\u00f3 a cabo una reuni\u00f3n con el Grupo Interinstitucional Estatal de Implementaci\u00f3n de la Reforma Laboral, presidido por el Gobernador de Veracruz, Cuitl\u00e1huac Garc\u00eda Jim\u00e9nez.<\/p>\n<p>En esta reuni\u00f3n la Magistrada Presidenta Isabel In\u00e9s Romero Cruz, entreg\u00f3 el Proyecto de Implementaci\u00f3n de la Reforma Laboral para adecuar la Ley Org\u00e1nica del Poder Judicial del Estado de Veracruz, mismo que se har\u00e1 llegar por los canales legales al Congreso del Estado.<\/p>\n<p>La importancia de mencionado Proyecto para lograr la Reforma Laboral, radica en el otorgamiento de la competencia, la estructura b\u00e1sica y la existencia de once tribunales laborales a lo largo de todo el territorio veracruzano, para resolver conflictos entre empleados y empleadores, detall\u00f3 la Magistrada Presidenta Isabel In\u00e9s Romero Cruz.<\/p>\n<p>Cabe se\u00f1alar que la Reforma Laboral, dentro de sus caracter\u00edsticas, pretende\u00a0que los juicios laborales sean m\u00e1s cortos y en presencia de un juez que conocer\u00e1 de mejor manera a las partes.<\/p>\n<p>Por ello, se dotar\u00e1 de competencia para resolver los conflictos que se susciten entre los trabajadores y patrones, conforme al apartado A del art\u00edculo 123 de la constituci\u00f3n Pol\u00edtica de los Estados Unidos Mexicanos y la Ley Federal del Trabajo y, de igual forma, los conflictos laborales de las universidades e instituciones de educaci\u00f3n superior.<\/p>\n<p>Al mismo tiempo, se ha trabajado en proyectar presupuestalmente los cuatro grandes rubros para los cuales se destinar\u00e1 el recurso correspondiente como son capacitaci\u00f3n, adecuaci\u00f3n de inmuebles, mobiliario y tecnolog\u00edas de la informaci\u00f3n.<\/p>\n<p>El Poder Judicial de Veracruz cuenta con el apoyo de los mejores especialistas en materia jur\u00eddica para cambiar la manera de impartir justicia laboral en el Estado cuya finalidad es<\/p>\n<p>brindar paz, bienestar, certeza, seguridad y tranquilidad a las y los veracruzanos, concluy\u00f3 la Magistrada Presidenta.<\/p>\n","protected":false},"excerpt":{"rendered":"<p>REDACCI\u00d3N\/VOCESVER.COM\/NOTICIAS C\u00f3rdoba, Ver., 22 de enero de 2021.- Al cumplir con la Segunda Etapa de la puesta en marcha de<\/p>\n","protected":false},"author":2,"featured_media":27728,"comment_status":"open","ping_status":"open","sticky":false,"template":"","format":"standard","meta":{"colormag_page_container_layout":"default_layout","colormag_page_sidebar_layout":"default_layout","footnotes":""},"categories":[2],"tags":[],"class_list":["post-27726","post","type-post","status-publish","format-standard","has-post-thumbnail","hentry","category-infogral"],"_links":{"self":[{"href":"http:\/\/vocesver.com\/noticias\/wp-json\/wp\/v2\/posts\/27726","targetHints":{"allow":["GET"]}}],"collection":[{"href":"http:\/\/vocesver.com\/noticias\/wp-json\/wp\/v2\/posts"}],"about":[{"href":"http:\/\/vocesver.com\/noticias\/wp-json\/wp\/v2\/types\/post"}],"author":[{"embeddable":true,"href":"http:\/\/vocesver.com\/noticias\/wp-json\/wp\/v2\/users\/2"}],"replies":[{"embeddable":true,"href":"http:\/\/vocesver.com\/noticias\/wp-json\/wp\/v2\/comments?post=27726"}],"version-history":[{"count":1,"href":"http:\/\/vocesver.com\/noticias\/wp-json\/wp\/v2\/posts\/27726\/revisions"}],"predecessor-version":[{"id":27727,"href":"http:\/\/vocesver.com\/noticias\/wp-json\/wp\/v2\/posts\/27726\/revisions\/27727"}],"wp:featuredmedia":[{"embeddable":true,"href":"http:\/\/vocesver.com\/noticias\/wp-json\/wp\/v2\/media\/27728"}],"wp:attachment":[{"href":"http:\/\/vocesver.com\/noticias\/wp-json\/wp\/v2\/media?parent=27726"}],"wp:term":[{"taxonomy":"category","embeddable":true,"href":"http:\/\/vocesver.com\/noticias\/wp-json\/wp\/v2\/categories?post=27726"},{"taxonomy":"post_tag","embeddable":true,"href":"http:\/\/vocesver.com\/noticias\/wp-json\/wp\/v2\/tags?post=27726"}],"curies":[{"name":"wp","href":"https:\/\/api.w.org\/{rel}","templated":true}]}}