{"id":27723,"date":"2021-01-22T16:53:44","date_gmt":"2021-01-22T16:53:44","guid":{"rendered":"http:\/\/vocesver.com\/noticias\/?p=27723"},"modified":"2021-01-22T16:54:44","modified_gmt":"2021-01-22T16:54:44","slug":"reeligen-a-jose-antonio-mendoza-garcia-como-presidente-de-canaco-veracruz-para-el-periodo-2021-2022","status":"publish","type":"post","link":"http:\/\/vocesver.com\/noticias\/reeligen-a-jose-antonio-mendoza-garcia-como-presidente-de-canaco-veracruz-para-el-periodo-2021-2022\/","title":{"rendered":"REELIGEN A JOS\u00c9 ANTONIO MENDOZA GARC\u00cdA COMO PRESIDENTE DE CANACO VERACRUZ PARA EL PERIODO 2021-2022."},"content":{"rendered":"<p align=\"left\">REDACCI\u00d3N\/VOCESVER.COM\/NOTICIAS<\/p>\n<p align=\"left\">Veracruz, Ver., 21 de enero de 2021.- En el marco de la Asamblea General Ordinaria de la C\u00e1mara Nacional de Comercio, Servicios y Turismo de Veracruz, Jos\u00e9 Antonio Mendoza Garc\u00eda fue reelecto por unanimidad para dar continuidad a su tercer a\u00f1o como Presidente de CANACO Servytur de Veracruz para el periodo 2021-2022.<\/p>\n<p align=\"left\">Por su alto sentido de liderazgo y compromiso con los socios de la C\u00e1mara a qui\u00e9nes ha servido durante dos a\u00f1os, el presidente Jos\u00e9 Antonio Mendoza Garc\u00eda recibi\u00f3 el respaldo de los agremiados, as\u00ed como de Ex Presidentes quienes han visto en \u00e9l un digno sucesor que ha unido al sector empresarial.<\/p>\n<p align=\"left\">Con 141 a\u00f1os de historia, la C\u00e1mara Nacional de Comercio, Servicios y Turismo de Veracruz es el organismo empresarial que representa, promueve y defiende los intereses del Comercio, los Servicios y el Turismo de Veracruz.<\/p>\n","protected":false},"excerpt":{"rendered":"<p>REDACCI\u00d3N\/VOCESVER.COM\/NOTICIAS Veracruz, Ver., 21 de enero de 2021.- En el marco de la Asamblea General Ordinaria de la C\u00e1mara Nacional<\/p>\n","protected":false},"author":2,"featured_media":27725,"comment_status":"open","ping_status":"open","sticky":false,"template":"","format":"standard","meta":{"colormag_page_container_layout":"default_layout","colormag_page_sidebar_layout":"default_layout","footnotes":""},"categories":[2],"tags":[],"class_list":["post-27723","post","type-post","status-publish","format-standard","has-post-thumbnail","hentry","category-infogral"],"_links":{"self":[{"href":"http:\/\/vocesver.com\/noticias\/wp-json\/wp\/v2\/posts\/27723","targetHints":{"allow":["GET"]}}],"collection":[{"href":"http:\/\/vocesver.com\/noticias\/wp-json\/wp\/v2\/posts"}],"about":[{"href":"http:\/\/vocesver.com\/noticias\/wp-json\/wp\/v2\/types\/post"}],"author":[{"embeddable":true,"href":"http:\/\/vocesver.com\/noticias\/wp-json\/wp\/v2\/users\/2"}],"replies":[{"embeddable":true,"href":"http:\/\/vocesver.com\/noticias\/wp-json\/wp\/v2\/comments?post=27723"}],"version-history":[{"count":1,"href":"http:\/\/vocesver.com\/noticias\/wp-json\/wp\/v2\/posts\/27723\/revisions"}],"predecessor-version":[{"id":27724,"href":"http:\/\/vocesver.com\/noticias\/wp-json\/wp\/v2\/posts\/27723\/revisions\/27724"}],"wp:featuredmedia":[{"embeddable":true,"href":"http:\/\/vocesver.com\/noticias\/wp-json\/wp\/v2\/media\/27725"}],"wp:attachment":[{"href":"http:\/\/vocesver.com\/noticias\/wp-json\/wp\/v2\/media?parent=27723"}],"wp:term":[{"taxonomy":"category","embeddable":true,"href":"http:\/\/vocesver.com\/noticias\/wp-json\/wp\/v2\/categories?post=27723"},{"taxonomy":"post_tag","embeddable":true,"href":"http:\/\/vocesver.com\/noticias\/wp-json\/wp\/v2\/tags?post=27723"}],"curies":[{"name":"wp","href":"https:\/\/api.w.org\/{rel}","templated":true}]}}