{"id":27720,"date":"2021-01-22T16:46:30","date_gmt":"2021-01-22T16:46:30","guid":{"rendered":"http:\/\/vocesver.com\/noticias\/?p=27720"},"modified":"2021-01-22T16:46:38","modified_gmt":"2021-01-22T16:46:38","slug":"amlo-autoriza-que-empresas-y-gobernadores-compren-vacunas-covideste-sera-el-proceso","status":"publish","type":"post","link":"http:\/\/vocesver.com\/noticias\/amlo-autoriza-que-empresas-y-gobernadores-compren-vacunas-covideste-sera-el-proceso\/","title":{"rendered":"AMLO AUTORIZA QUE EMPRESAS Y GOBERNADORES COMPREN VACUNAS COVID;ESTE SER\u00c1 EL PROCESO."},"content":{"rendered":"<p>Cualquier empresa o Gobierno local del pa\u00eds podr\u00e1 adquirir vacunas Covid. Foto: AFP<\/p>\n<p>REDACCI\u00d3N\/VOCESVER.COM\/NOTICIAS<\/p>\n<p>NACIONAL.- A 22 de Enero 2021&#8230;De acuerdo con informaci\u00f3n de UNOTV\/M\u00c9XICO&#8230;&#8230;El\u00a0<a href=\"https:\/\/www.unotv.com\/nacional\/amlo-anuncia-adelanto-de-apoyo-a-adultos-mayores-este-es-el-motivo\/\">presidente Andr\u00e9s Manuel L\u00f3pez Obrador\u00a0<\/a>dio a conocer que la Secretar\u00eda de Salud emitir\u00e1 un decreto para que\u00a0<strong>cualquier empresa o Gobierno local<\/strong>\u00a0del pa\u00eds pueda adquirir vacunas contra el coronavirus.<\/p>\n<blockquote class=\"wp-block-quote\"><p><em>Quiero adelantar que he dado instrucciones al secretario de Salud, al doctor Jorge Alcocer, para que hoy mismo se emita un comunicado estableciendo que cualquier empresa o Gobierno local que quiera adquirir vacunas para aplicarlas en M\u00e9xico tiene autorizaci\u00f3n, solo que deben de anexar a la solicitud el contrato de adquisici\u00f3n de las vacunas, la cantidad y la farmac\u00e9utica\u201d.<\/em><\/p><\/blockquote>\n<h2>\u00bfQu\u00e9 requisitos deben cumplir \u00a0las empresas?<\/h2>\n<p><a href=\"https:\/\/www.unotv.com\/nacional\/la-mananera-de-amlo-22-de-enero-de-2021-en-vivo-sigue-los-temas-minuto-a-minuto\/\">Durante su conferencia de prensa ma\u00f1anera en Palacio Nacional,\u00a0<\/a>el mandatario federal explic\u00f3 que quienes busquen adquirir la vacuna deben mandar un oficio al secretario de Salud, que ya compraron las dosis en una de\u00a0<strong>las farmac\u00e9uticas autorizadas \u00a0y que las aplicar\u00e1n a sus trabajadoras y trabajadores,\u00a0<\/strong>o que ser\u00e1 distribuidas por otros medios.<\/p>\n<p>Adem\u00e1s deber\u00e1n de cumplir con los requisitos:<\/p>\n<ul>\n<li>Entregar el contrato con la farmac\u00e9utica<\/li>\n<\/ul>\n<ul>\n<li>Detallar cu\u00e1ndo llegar\u00e1n las dosis que han pedido<\/li>\n<\/ul>\n<ul>\n<li>Que las dosis sean de una vacuna ya autorizada como\u00a0<strong>Pfizer-BioNTech, AstraZeneca-Oxford\u00a0<\/strong>o alguna que est\u00e9 autorizado<\/li>\n<\/ul>\n<ul>\n<li>Que informen d\u00f3nde las van a aplicar<\/li>\n<\/ul>\n<blockquote class=\"wp-block-quote is-style-large\"><p>\u201cEsto \u00faltimo para que no haya duplicidades, porque existe un Plan Nacional de Vacunaci\u00f3n. Y nosotros vamos a cumplir con el compromiso de vacunar a todos los mexicanos\u201d, explic\u00f3.<\/p><\/blockquote>\n<p>El presidente agreg\u00f3:<\/p>\n<p><em>\u201cSi quieren aportar para el plan para la adquisici\u00f3n de vacunas, pueden hacerlo a trav\u00e9s de la beneficencia p\u00fablica para vacunas y ayudan a que se tengan las vacunas. De todos modos tenemos el presupuesto, pero se puede usar para otras necesidades, desde luego. Esa es otra forma de participar de acuerdo con el Plan Nacional de Vacunaci\u00f3n\u201d.<\/em><\/p>\n<p>INF. DE UNOTV\/M\u00c9XICO&#8230;&#8230;<\/p>\n","protected":false},"excerpt":{"rendered":"<p>Cualquier empresa o Gobierno local del pa\u00eds podr\u00e1 adquirir vacunas Covid. Foto: AFP REDACCI\u00d3N\/VOCESVER.COM\/NOTICIAS NACIONAL.- A 22 de Enero 2021&#8230;De<\/p>\n","protected":false},"author":2,"featured_media":27721,"comment_status":"open","ping_status":"open","sticky":false,"template":"","format":"standard","meta":{"colormag_page_container_layout":"default_layout","colormag_page_sidebar_layout":"default_layout","footnotes":""},"categories":[5],"tags":[],"class_list":["post-27720","post","type-post","status-publish","format-standard","has-post-thumbnail","hentry","category-nacional"],"_links":{"self":[{"href":"http:\/\/vocesver.com\/noticias\/wp-json\/wp\/v2\/posts\/27720","targetHints":{"allow":["GET"]}}],"collection":[{"href":"http:\/\/vocesver.com\/noticias\/wp-json\/wp\/v2\/posts"}],"about":[{"href":"http:\/\/vocesver.com\/noticias\/wp-json\/wp\/v2\/types\/post"}],"author":[{"embeddable":true,"href":"http:\/\/vocesver.com\/noticias\/wp-json\/wp\/v2\/users\/2"}],"replies":[{"embeddable":true,"href":"http:\/\/vocesver.com\/noticias\/wp-json\/wp\/v2\/comments?post=27720"}],"version-history":[{"count":1,"href":"http:\/\/vocesver.com\/noticias\/wp-json\/wp\/v2\/posts\/27720\/revisions"}],"predecessor-version":[{"id":27722,"href":"http:\/\/vocesver.com\/noticias\/wp-json\/wp\/v2\/posts\/27720\/revisions\/27722"}],"wp:featuredmedia":[{"embeddable":true,"href":"http:\/\/vocesver.com\/noticias\/wp-json\/wp\/v2\/media\/27721"}],"wp:attachment":[{"href":"http:\/\/vocesver.com\/noticias\/wp-json\/wp\/v2\/media?parent=27720"}],"wp:term":[{"taxonomy":"category","embeddable":true,"href":"http:\/\/vocesver.com\/noticias\/wp-json\/wp\/v2\/categories?post=27720"},{"taxonomy":"post_tag","embeddable":true,"href":"http:\/\/vocesver.com\/noticias\/wp-json\/wp\/v2\/tags?post=27720"}],"curies":[{"name":"wp","href":"https:\/\/api.w.org\/{rel}","templated":true}]}}