{"id":27717,"date":"2021-01-22T16:37:57","date_gmt":"2021-01-22T16:37:57","guid":{"rendered":"http:\/\/vocesver.com\/noticias\/?p=27717"},"modified":"2021-01-22T16:38:07","modified_gmt":"2021-01-22T16:38:07","slug":"joe-biden-aumenta-ayudas-ante-crisis-alimentaria-por-el-coronavirus","status":"publish","type":"post","link":"http:\/\/vocesver.com\/noticias\/joe-biden-aumenta-ayudas-ante-crisis-alimentaria-por-el-coronavirus\/","title":{"rendered":"JOE BIDEN AUMENTA AYUDAS ANTE CRISIS ALIMENTARIA POR EL CORONAVIRUS."},"content":{"rendered":"<p>Joe Biden, presidente de Estados Unidos. Foto: AFP<\/p>\n<p>REDACCI\u00d3N\/VOCESVER.COM\/NOTICIAS<\/p>\n<p>INTERNACIONAL.-A 22 de Enero 2021&#8230;De acuerdo con informaci\u00f3n de AFP\/EU\/AGENCIAS&#8230;..El\u00a0<a href=\"https:\/\/www.unotv.com\/internacional\/primera-portada-del-ano-de-time-dedicada-a-joe-biden-en-la-oficina-oval-en-caos\/\">presidente de Estados Unidos, Joe Biden,\u00a0<\/a>encarar\u00e1 el viernes uno de los\u00a0<strong>efectos m\u00e1s visibles de la crisis econ\u00f3mica causada por la pandemia<\/strong>\u00a0con la firma de un decreto para aumentar la ayuda alimentaria a millones de estadounidenses.<\/p>\n<p>El nuevo presidente dem\u00f3crata\u00a0<strong>tomar\u00e1 esta iniciativa\u00a0 a la espera de que el Congreso\u00a0<\/strong>vote el gigantesco plan de ayuda de\u00a0<a href=\"https:\/\/www.unotv.com\/internacional\/en-su-primer-dia-joe-biden-firmo-estos-17-decretos-para-revertir-politicas-de-trump\/\">emergencia para la econom\u00eda\u00a0<\/a>de\u00a0<strong>1.9 billones de d\u00f3lares presentado la semana pasada.<\/strong><\/p>\n<p>Se trata de\u00a0<strong>dos decretos:<\/strong><\/p>\n<ul>\n<li>El primero para incrementar la ayuda alimentaria a los millones de desempleados y a los que se api\u00f1an en los bancos de alimentos<\/li>\n<li>El segundo para fortalecer los derechos sociales de los trabajadores federales.<\/li>\n<\/ul>\n<h2>Casi 30 millones de estadounidenses sufren por no tener suficiente para comer<\/h2>\n<p><a href=\"https:\/\/www.unotv.com\/internacional\/en-vivo-joe-biden-toma-de-posesion-como-presidente-de-eu-en-washington-en-directo\/\">Dos d\u00edas despu\u00e9s de su toma de posesi\u00f3n,\u00a0<\/a>el nuevo mandatario estadounidense contin\u00faa enumerando sus prioridades con decisiones presidenciales.\u00a0<strong>En tres d\u00edas, habr\u00e1 firmado casi una treintena de decretos.<\/strong><\/p>\n<blockquote class=\"wp-block-quote\"><p><em>\u201cCasi 30 millones de estadounidenses sufren por no tener suficiente para comer. Esto incluye a uno de cada cinco adultos negros y latinos, seg\u00fan la encuesta m\u00e1s reciente\u201d, dijo Brian Deese, director del Consejo Econ\u00f3mico Nacional de la Casa Blanca y agreg\u00f3 que un total de uno de cada siete hogares tiene dificultades para comer adecuadamente.<\/em><\/p><\/blockquote>\n<p>En un pa\u00eds donde\u00a0<strong>las escuelas proporcionaban comidas diarias a los estudiantes<\/strong>\u00a0de familias pobres, se estima que alrededor de 12 millones de ni\u00f1os tampoco tienen suficiente para comer.<\/p>\n<p>Las\u00a0<strong>colas para los comedores populares<\/strong>\u00a0han aumentado y los bancos de alimentos est\u00e1n abrumados, incluso en los barrios acomodados de Washington.<\/p>\n<h2>Joe Biden busca ampliar plan SNAP<\/h2>\n<p>Biden va a pedir al Departamento de Agricultura que ampl\u00ede y relaje su programa para personas y familias de bajos ingresos y sin ingresos, conocido como SNAP.<\/p>\n<p>Tambi\u00e9n quiere\u00a0<strong>aumentar en un 15% la cantidad de dinero que el gobierno deposita<\/strong>\u00a0en las tarjetas electr\u00f3nicas EBT (Electronic Benefit Transfer) \u201c<strong>para reflejar correctamente el costo de las comidas perdidas\u201d debido al cierre de escuelas<\/strong>. Actualmente se ingresan hasta 5,7 d\u00f3lares al d\u00eda por ni\u00f1o en edad escolar.<\/p>\n<h2>Que ayudas lleguen a familias que lo necesitan<\/h2>\n<p>La administraci\u00f3n de Biden quiere\u00a0<strong>asegurarse<\/strong>\u00a0tambi\u00e9n\u00a0<strong>de que las ayudas directas ya aprobadas por el Congreso lleguen a las familias que m\u00e1s las necesitan.<\/strong><\/p>\n<p>Seg\u00fan el Consejo Econ\u00f3mico Nacional, \u201cmuchos estadounidenses tuvieron problemas para recibir la primera ronda de pagos directos y hasta ocho millones de hogares elegibles no recibieron los pagos\u201d.<\/p>\n<p>El segundo decreto est\u00e1 pensado para\u00a0<strong>mejorar los derechos sociales de los empleados federales.<\/strong><\/p>\n<p>Biden quiere emitir una orden ejecutiva \u201cdentro de los primeros 100 d\u00edas\u201d de su mandato por la que se requiera a los contratistas privados que paguen, como m\u00ednimo, 15 d\u00f3lares la hora y garanticen a sus trabajadores una \u201clicencia de emergencia pagada\u201d.<\/p>\n<blockquote class=\"wp-block-quote\"><p><em>\u201cEstas medidas ayudar\u00e1n a hacer del gobierno federal un empleador modelo y restablecer\u00e1n las protecciones sociales de los funcionarios de carrera que son tan esenciales para el pa\u00eds\u201d, dijo el Consejo Econ\u00f3mico Nacional en una nota.<\/em><\/p><\/blockquote>\n<p>&nbsp;<\/p>\n<p>INF. DE\u00a0 AFP\/EU\/AGENCIAS<\/p>\n<p>&nbsp;<\/p>\n","protected":false},"excerpt":{"rendered":"<p>Joe Biden, presidente de Estados Unidos. Foto: AFP REDACCI\u00d3N\/VOCESVER.COM\/NOTICIAS INTERNACIONAL.-A 22 de Enero 2021&#8230;De acuerdo con informaci\u00f3n de AFP\/EU\/AGENCIAS&#8230;..El\u00a0presidente de<\/p>\n","protected":false},"author":2,"featured_media":27718,"comment_status":"open","ping_status":"open","sticky":false,"template":"","format":"standard","meta":{"colormag_page_container_layout":"default_layout","colormag_page_sidebar_layout":"default_layout","footnotes":""},"categories":[6],"tags":[],"class_list":["post-27717","post","type-post","status-publish","format-standard","has-post-thumbnail","hentry","category-internacional"],"_links":{"self":[{"href":"http:\/\/vocesver.com\/noticias\/wp-json\/wp\/v2\/posts\/27717","targetHints":{"allow":["GET"]}}],"collection":[{"href":"http:\/\/vocesver.com\/noticias\/wp-json\/wp\/v2\/posts"}],"about":[{"href":"http:\/\/vocesver.com\/noticias\/wp-json\/wp\/v2\/types\/post"}],"author":[{"embeddable":true,"href":"http:\/\/vocesver.com\/noticias\/wp-json\/wp\/v2\/users\/2"}],"replies":[{"embeddable":true,"href":"http:\/\/vocesver.com\/noticias\/wp-json\/wp\/v2\/comments?post=27717"}],"version-history":[{"count":1,"href":"http:\/\/vocesver.com\/noticias\/wp-json\/wp\/v2\/posts\/27717\/revisions"}],"predecessor-version":[{"id":27719,"href":"http:\/\/vocesver.com\/noticias\/wp-json\/wp\/v2\/posts\/27717\/revisions\/27719"}],"wp:featuredmedia":[{"embeddable":true,"href":"http:\/\/vocesver.com\/noticias\/wp-json\/wp\/v2\/media\/27718"}],"wp:attachment":[{"href":"http:\/\/vocesver.com\/noticias\/wp-json\/wp\/v2\/media?parent=27717"}],"wp:term":[{"taxonomy":"category","embeddable":true,"href":"http:\/\/vocesver.com\/noticias\/wp-json\/wp\/v2\/categories?post=27717"},{"taxonomy":"post_tag","embeddable":true,"href":"http:\/\/vocesver.com\/noticias\/wp-json\/wp\/v2\/tags?post=27717"}],"curies":[{"name":"wp","href":"https:\/\/api.w.org\/{rel}","templated":true}]}}