{"id":27713,"date":"2021-01-22T16:25:10","date_gmt":"2021-01-22T16:25:10","guid":{"rendered":"http:\/\/vocesver.com\/noticias\/?p=27713"},"modified":"2021-01-22T16:28:37","modified_gmt":"2021-01-22T16:28:37","slug":"27713-2","status":"publish","type":"post","link":"http:\/\/vocesver.com\/noticias\/27713-2\/","title":{"rendered":"MA\u00d1ANA INICIA VACUNACI\u00d3N DE MAESTROS EN CAMPECHE;AQU\u00cd EL PLAN COMPLETO."},"content":{"rendered":"<h2><\/h2>\n<h2>Vacuna contra COVID-19 ser\u00e1 aplicada en 81 centros de vacunaci\u00f3n en Campeche. Foto: Cuartoscuro\/Archivo<\/h2>\n<h2>REDACCI\u00d3N\/VOCESVER.COM\/NOTICIAS<\/h2>\n<h2>NACIONAL.-a 22 de Enero 2021.- De acuerdo con informaci\u00f3n de UNOT V\/M\u00c9XICO&#8230;.Durante la\u00a0<strong><a href=\"https:\/\/www.unotv.com\/nacional\/la-mananera-de-amlo-22-de-enero-de-2021-en-vivo-sigue-los-temas-minuto-a-minuto\/\" target=\"_blank\" rel=\"noreferrer noopener\" aria-label=\"undefined (abre en una nueva pesta\u00f1a)\">ma\u00f1anera del presidente Andr\u00e9s Manuel L\u00f3pez Obrador (AMLO) de este viernes 22 de enero<\/a><\/strong>, autoridades de\u00a0<strong>M\u00e9xico<\/strong>\u00a0dieron a conocer el plan de\u00a0<strong>vacunaci\u00f3n<\/strong>\u00a0para\u00a0<strong>maestros<\/strong>\u00a0en el estado de\u00a0<strong>Campeche<\/strong>, dando adem\u00e1s las fechas en que los docentes recibir\u00e1n la\u00a0<strong>vacuna contra COVID-19<\/strong>.<\/h2>\n<h2>Cu\u00e1ndo aplicar\u00e1n la vacuna contra COVID-19 a maestros de Campeche?<\/h2>\n<p>El general\u00a0<strong>Luis Cresencio Sandoval Gonz\u00e1lez, titular de la Secretar\u00eda de la Defensa Nacional<\/strong>\u00a0(Sedena), tom\u00f3 la palabra durante la ma\u00f1ana e inform\u00f3 el plan para el traslado y distribuci\u00f3n de la\u00a0<strong>vacuna contra COVID-19<\/strong>\u00a0para los\u00a0<strong>maestros<\/strong>\u00a0de\u00a0<strong>Campeche<\/strong>:<\/p>\n<blockquote class=\"wp-block-quote\"><p><em>\u201cA las cinco de la ma\u00f1ana del d\u00eda s\u00e1bado estaremos extrayendo las vacunas del Centro de Investigaciones Regionales en M\u00e9rida para poder iniciar el movimiento a los cinco puntos de redistribuci\u00f3n de vacunas, que ser\u00e1n: Campeche, Champot\u00f3n, Ciudad del Carmen, Esc\u00e1rcega y Xpujil.\u201d<\/em><\/p>\n<p><cite>General Luis Cresencio Sandoval Gonz\u00e1lez, titular de la Sedena.<\/cite><\/p><\/blockquote>\n<p>De esta forma, el encargado de la Secretar\u00eda de la Defensa Nacional a\u00f1adi\u00f3 que habr\u00e1 un traslado a\u00a0<strong>81 centros de vacunaci\u00f3n<\/strong>\u00a0los\u00a0<strong>paquetes con vacunas, insumos para la aplicaci\u00f3n y brazaletes<\/strong>. Brigadas Correcaminos, ser\u00e1n las que reciban los paquetes.<\/p>\n<ul>\n<li>Se estima una distribuci\u00f3n de 12 mil 157 dosis de\u00a0<strong><a href=\"https:\/\/www.unotv.com\/nacional\/llega-a-mexico-principio-activo-de-vacuna-contra-covid-19-de-astrazeneca\/\" target=\"_blank\" rel=\"noreferrer noopener\" aria-label=\"undefined (abre en una nueva pesta\u00f1a)\">vacuna contra COVID<\/a><\/strong>.<\/li>\n<\/ul>\n<h2>\u00bfQu\u00e9 d\u00edas y qu\u00e9 maestros ser\u00e1n vacunados?<\/h2>\n<p>El general Luis Cresencio Sandoval Gonz\u00e1lez indic\u00f3 que la\u00a0<strong>vacuna contra COVID-19<\/strong>\u00a0ser\u00e1 aplicada a los\u00a0<strong>maestros<\/strong>\u00a0de\u00a0<strong>Campeche<\/strong>\u00a0dependiendo el nivel en que se desempe\u00f1en:<\/p>\n<div class=\"code-block code-block-center code-block-8\"><\/div>\n<ul>\n<li>Este\u00a0<strong>s\u00e1bado y domingo<\/strong>\u00a0ser\u00e1n vacunados los profesores que impartan clases en el nivel de educaci\u00f3n b\u00e1sica p\u00fablica (preescolar, primaria y secundaria).<\/li>\n<li>El\u00a0<strong>lunes y martes<\/strong>\u00a0ser\u00e1 la vacunaci\u00f3n para docentes de nivel medio superior y superior p\u00fablica (como los colegios de bachilleres y universidad)<\/li>\n<li><strong>Lunes y martes<\/strong>\u00a0para maestros de escuelas privadas.<\/li>\n<li>La aplicaci\u00f3n de la\u00a0<strong>vacuna contra COVID-19<\/strong>\u00a0ser\u00e1 a partir de las 10 de la ma\u00f1ana (del 23 de enero).<\/li>\n<\/ul>\n<p>El presidente de M\u00e9xico,\u00a0<strong>Andr\u00e9s Manuel L\u00f3pez Obrador<\/strong>\u00a0remarc\u00f3 que la meta es\u00a0<strong>vacunar a por lo menos 20 mil docentes y trabajadores de la educaci\u00f3n<\/strong>\u00a0en\u00a0<strong>Campeche<\/strong>, y en 21 d\u00edas recibir\u00edan su segunda dosis y as\u00ed podr\u00edan iniciar clases presenciales en el estado.<\/p>\n<p>&nbsp;<\/p>\n<p>&nbsp;<\/p>\n<p>INF.DE UNOTV\/M\u00c9XICO&#8230;&#8230;<\/p>\n","protected":false},"excerpt":{"rendered":"<p>Vacuna contra COVID-19 ser\u00e1 aplicada en 81 centros de vacunaci\u00f3n en Campeche. Foto: Cuartoscuro\/Archivo REDACCI\u00d3N\/VOCESVER.COM\/NOTICIAS NACIONAL.-a 22 de Enero 2021.-<\/p>\n","protected":false},"author":2,"featured_media":27714,"comment_status":"open","ping_status":"open","sticky":false,"template":"","format":"standard","meta":{"colormag_page_container_layout":"default_layout","colormag_page_sidebar_layout":"default_layout","footnotes":""},"categories":[5],"tags":[],"class_list":["post-27713","post","type-post","status-publish","format-standard","has-post-thumbnail","hentry","category-nacional"],"_links":{"self":[{"href":"http:\/\/vocesver.com\/noticias\/wp-json\/wp\/v2\/posts\/27713","targetHints":{"allow":["GET"]}}],"collection":[{"href":"http:\/\/vocesver.com\/noticias\/wp-json\/wp\/v2\/posts"}],"about":[{"href":"http:\/\/vocesver.com\/noticias\/wp-json\/wp\/v2\/types\/post"}],"author":[{"embeddable":true,"href":"http:\/\/vocesver.com\/noticias\/wp-json\/wp\/v2\/users\/2"}],"replies":[{"embeddable":true,"href":"http:\/\/vocesver.com\/noticias\/wp-json\/wp\/v2\/comments?post=27713"}],"version-history":[{"count":2,"href":"http:\/\/vocesver.com\/noticias\/wp-json\/wp\/v2\/posts\/27713\/revisions"}],"predecessor-version":[{"id":27716,"href":"http:\/\/vocesver.com\/noticias\/wp-json\/wp\/v2\/posts\/27713\/revisions\/27716"}],"wp:featuredmedia":[{"embeddable":true,"href":"http:\/\/vocesver.com\/noticias\/wp-json\/wp\/v2\/media\/27714"}],"wp:attachment":[{"href":"http:\/\/vocesver.com\/noticias\/wp-json\/wp\/v2\/media?parent=27713"}],"wp:term":[{"taxonomy":"category","embeddable":true,"href":"http:\/\/vocesver.com\/noticias\/wp-json\/wp\/v2\/categories?post=27713"},{"taxonomy":"post_tag","embeddable":true,"href":"http:\/\/vocesver.com\/noticias\/wp-json\/wp\/v2\/tags?post=27713"}],"curies":[{"name":"wp","href":"https:\/\/api.w.org\/{rel}","templated":true}]}}