{"id":27706,"date":"2021-01-22T16:15:11","date_gmt":"2021-01-22T16:15:11","guid":{"rendered":"http:\/\/vocesver.com\/noticias\/?p=27706"},"modified":"2021-01-22T16:16:21","modified_gmt":"2021-01-22T16:16:21","slug":"soberbia-y-necedad-del-gobierno-complica-la-aplicacion-de-vacunas-contra-covidanilu-ingram","status":"publish","type":"post","link":"http:\/\/vocesver.com\/noticias\/soberbia-y-necedad-del-gobierno-complica-la-aplicacion-de-vacunas-contra-covidanilu-ingram\/","title":{"rendered":"SOBERBIA Y NECEDAD DEL GOBIERNO COMPLICA LA APLICACI\u00d3N DE VACUNAS CONTRA COVID:ANIL\u00da INGRAM."},"content":{"rendered":"<div><\/div>\n<div><\/div>\n<div>La diputada federal priista lament\u00f3 que la autoridad haya reservado por 5 a\u00f1os la informaci\u00f3n de la adquisici\u00f3n de las dosis<\/div>\n<div><\/div>\n<div>AUSENCIO RIVERA\/VOCESVER.COM\/NOTICIAS<\/div>\n<div><\/div>\n<div>Ciudad de M\u00e9xico a 22 de enero de 2021.- Anil\u00fa Ingram Vallines, vice coordinadora del Grupo Parlamentario del PRI en la C\u00e1mara de Diputados, lament\u00f3 la descoordinaci\u00f3n y opacidad con que se est\u00e1n aplicando las vacunas contra el Covid19 en el pa\u00eds, pues fue un tema que se advirti\u00f3 cuando se discuti\u00f3 el Presupuesto de Egresos de la Federaci\u00f3n (PEF) de este a\u00f1o.<\/div>\n<div><\/div>\n<div>\u201cTristemente, para nosotros, es una p\u00e9sima noticia que no haya orden en la aplicaci\u00f3n de vacunas, sobre todo cuando las y los diputados federales de oposici\u00f3n pedimos se etiquetaran recursos para este fin, pero en una actitud soberbia, con una mayor\u00eda aplastante, hicieron caso omiso\u201d, lament\u00f3.<\/div>\n<div><\/div>\n<div>Como ejemplo de lo anterior cit\u00f3 que mientras que en Estados Unidos se han aplicado m\u00e1s de 12 millones de vacunas; m\u00e1s 10 millones de dosis en China y en Reino Unido m\u00e1s de 4 millones, en M\u00e9xico desde diciembre, cuando llegaron los primeros lotes, solo se han inmunizado a 470 mil personas con las primeras dosis.<\/div>\n<div><\/div>\n<div>\u201cAl paso que va el Gobierno Federal terminar\u00e1 de vacunar a toda la poblaci\u00f3n dentro de 14 a\u00f1os. Desafortunadamente, ya el subsecretario de Salud, Hugo L\u00f3pez Gatell, admiti\u00f3 que hay un retraso y que la segunda aplicaci\u00f3n ser\u00e1 el 15 de febrero\u201d, expuso.<\/div>\n<div><\/div>\n<div>La diputada federal veracruzana tambi\u00e9n record\u00f3 que la administraci\u00f3n morenista advirti\u00f3 que no habr\u00e1 vacunas para toda la poblaci\u00f3n del pa\u00eds, solo para 105 millones de mexicanos, lo que dejaba fuera a otros 25 millones. Sin embargo, d\u00edas despu\u00e9s, el Ejecutivo Federal cedi\u00f3 una parte de las dosis a pa\u00edses pobres, por lo que el n\u00famero ser\u00e1 a\u00fan mayor.<\/div>\n<div><\/div>\n<div>Asimismo, lament\u00f3 que se d\u00e9 prioridad en vacunar a los Siervos de la Naci\u00f3n, mucho antes que a m\u00e9dicos, enfermeras y dem\u00e1s personal del sector Salud que est\u00e1n en la primera l\u00ednea de combate a la enfermedad.<\/div>\n<div><\/div>\n<div>\u201cY, por si fuera poco, carente de visi\u00f3n, de ineficiente, este gobierno federal morenista es tambi\u00e9n opaco, pues reserv\u00f3 la informaci\u00f3n de los contratos de adquisici\u00f3n de las vacunas durante 5 a\u00f1os, por lo que no podremos saber cu\u00e1nto gastaron, c\u00f3mo y con qui\u00e9n. \u00a0\u00bfSer\u00e1 que por eso y muchas otras cosas m\u00e1s termin\u00f3 renunciando la encargada de la mal llamada Estrategia Nacional de Vacunaci\u00f3n contra el Covid19, Miriam Esther Veras Godoy justo el d\u00eda en que el Presidente anunci\u00f3 que no llegar\u00edan las dosis de Pfizer?\u201d, cuestion\u00f3 la legisladora.<\/div>\n<div><\/div>\n<div>Por \u00faltimo Ingram Vallines urgi\u00f3 a las autoridades a replantear el plan de vacunaci\u00f3n a fin de que cuanto antes se pueda inmunizar, con orden y prioridades, a todos los sectores de la poblaci\u00f3n, lo que coadyuvar\u00e1 a la urgente recuperaci\u00f3n econ\u00f3mica del pa\u00eds.<\/div>\n","protected":false},"excerpt":{"rendered":"<p>La diputada federal priista lament\u00f3 que la autoridad haya reservado por 5 a\u00f1os la informaci\u00f3n de la adquisici\u00f3n de las<\/p>\n","protected":false},"author":2,"featured_media":27708,"comment_status":"open","ping_status":"open","sticky":false,"template":"","format":"standard","meta":{"colormag_page_container_layout":"default_layout","colormag_page_sidebar_layout":"default_layout","footnotes":""},"categories":[2],"tags":[],"class_list":["post-27706","post","type-post","status-publish","format-standard","has-post-thumbnail","hentry","category-infogral"],"_links":{"self":[{"href":"http:\/\/vocesver.com\/noticias\/wp-json\/wp\/v2\/posts\/27706","targetHints":{"allow":["GET"]}}],"collection":[{"href":"http:\/\/vocesver.com\/noticias\/wp-json\/wp\/v2\/posts"}],"about":[{"href":"http:\/\/vocesver.com\/noticias\/wp-json\/wp\/v2\/types\/post"}],"author":[{"embeddable":true,"href":"http:\/\/vocesver.com\/noticias\/wp-json\/wp\/v2\/users\/2"}],"replies":[{"embeddable":true,"href":"http:\/\/vocesver.com\/noticias\/wp-json\/wp\/v2\/comments?post=27706"}],"version-history":[{"count":1,"href":"http:\/\/vocesver.com\/noticias\/wp-json\/wp\/v2\/posts\/27706\/revisions"}],"predecessor-version":[{"id":27707,"href":"http:\/\/vocesver.com\/noticias\/wp-json\/wp\/v2\/posts\/27706\/revisions\/27707"}],"wp:featuredmedia":[{"embeddable":true,"href":"http:\/\/vocesver.com\/noticias\/wp-json\/wp\/v2\/media\/27708"}],"wp:attachment":[{"href":"http:\/\/vocesver.com\/noticias\/wp-json\/wp\/v2\/media?parent=27706"}],"wp:term":[{"taxonomy":"category","embeddable":true,"href":"http:\/\/vocesver.com\/noticias\/wp-json\/wp\/v2\/categories?post=27706"},{"taxonomy":"post_tag","embeddable":true,"href":"http:\/\/vocesver.com\/noticias\/wp-json\/wp\/v2\/tags?post=27706"}],"curies":[{"name":"wp","href":"https:\/\/api.w.org\/{rel}","templated":true}]}}