{"id":27696,"date":"2021-01-22T16:01:22","date_gmt":"2021-01-22T16:01:22","guid":{"rendered":"http:\/\/vocesver.com\/noticias\/?p=27696"},"modified":"2021-01-22T16:02:53","modified_gmt":"2021-01-22T16:02:53","slug":"sintomas-de-la-influenzacatarro-comun-y-la-covid-19-pueden-dificultar-el-diagnostico","status":"publish","type":"post","link":"http:\/\/vocesver.com\/noticias\/sintomas-de-la-influenzacatarro-comun-y-la-covid-19-pueden-dificultar-el-diagnostico\/","title":{"rendered":"S\u00cdNTOMAS DE LA INFLUENZA,CATARRO COM\u00daN Y LA COVID-19 PUEDEN DIFICULTAR EL DIAGN\u00d3STICO."},"content":{"rendered":"<div class=\"x_gmail_default\">\n<p align=\"center\"><b>\u00a0<\/b><\/p>\n<p><b>\u00a0<\/b><\/p>\n<p>\u00b7\u00a0\u00a0\u00a0\u00a0\u00a0\u00a0\u00a0Es importante que m\u00e9dico y paciente puedan diferenciar s\u00edntomas de estas enfermedades para evitar tratamientos equivocados que puedan propiciar agravamiento o muerte.<\/p>\n<p>\u00b7\u00a0\u00a0\u00a0\u00a0\u00a0\u00a0\u00a0Durante la pandemia de la COVID-19 sigue siendo de crucial la utilizaci\u00f3n de inmunoestimuladores como Adimod\u00a0<i>(pidotimod<\/i>) que fortalecen el sistema inmunol\u00f3gico contra virus y bacterias y coadyuva en el tratamiento en las primeras fases de la enfermedad<\/p>\n<p>\u00b7\u00a0\u00a0\u00a0\u00a0\u00a0\u00a0\u00a0A pesar de las reacciones adversas identificadas, la vacuna contra el SARS-COV-2 debe aplicarse en toda la poblaci\u00f3n, con excepciones especiales.<\/p>\n<p>\u00b7\u00a0\u00a0\u00a0\u00a0\u00a0\u00a0\u00a0La respuesta inmunol\u00f3gica con relaci\u00f3n al estado emocional\u00a0reduce las funciones ante las infecciones respiratorias<\/p>\n<p>AUSENCIO RIVERA\/VOCESVER.COM\/NOTICIAS<\/p>\n<p><b>Ciudad de M\u00e9xico a 22 de enero de 2021.-\u00a0<\/b>A\u00a0medida que la pandemia por COVID-19 contin\u00faa evolucionando, existe gran confusi\u00f3n en diferenciar sus s\u00edntomas con el catarro com\u00fan y la influenza, enfermedades respiratorias contagiosas causadas tambi\u00e9n por virus, lo que crea una demora en el diagn\u00f3stica, un retraso en el tratamiento o aplicaci\u00f3n inadecuada de f\u00e1rmacos con riesgo de complicaciones y un gasto en la econom\u00eda de la familia.<\/p>\n<p>&nbsp;<\/p>\n<p>Estas enfermedades que causan problemas respiratorios pueden ser asintom\u00e1ticas, o cursar con s\u00edntomas leves que pueden agravarse. \u201cComo recomendaci\u00f3n inmediata el m\u00e9dico debe de pensar en el momento actual en el que vivimos y que por fundamento epidemiol\u00f3gico y para prioridad de atenci\u00f3n, el paciente debe considerarse que tiene Covid-19, hasta no demostrar lo contrario\u201d, as\u00ed lo coment\u00f3 en conferencia de medios el Dr. Gerardo L\u00f3pez\u00a0Alerg\u00f3logo e Infect\u00f3logo Pediatra, director general de Asistencia Pedi\u00e1trica Integral (API) y socio titular de la Academia Mexicana de Pediatr\u00eda,<\/p>\n<p>&nbsp;<\/p>\n<p>Los s\u00edntomas m\u00e1s comunes en estas enfermedades son: fiebre, dolor de garganta, tos, fatiga y dolor muscular entre otros.\u00a0Sin embargo existen ciertos datos cl\u00ednicos que pueden diferenciarlos; por ejemplo, en Covid-19 existe un periodo de incubaci\u00f3n un poco m\u00e1s largo de hasta 14 d\u00edas en comparaci\u00f3n de las otras infecciones, hay un dolor importante de cintura, p\u00e9rdida del olfato y alteraci\u00f3n del gusto, adem\u00e1s que pueden asociarse mareos, nausea, diarrea, y progresi\u00f3n en algunos casos a la dificultad respiratoria con falta de oxigenaci\u00f3n adecuada del organismo, se\u00f1al\u00f3 el especialista.<\/p>\n<p>&nbsp;<\/p>\n<p>Una de las mejores herramientas preventivas y en fase aguda, ante estas enfermedades, siempre ser\u00e1, el reforzamiento del sistema inmunol\u00f3gico ya que, al mantenerlo sano, este\u00a0debe ser capaz de proteger al cuerpo de cualquier infecci\u00f3n.<\/p>\n<p>&nbsp;<\/p>\n<p>El uso de inmunoestimulantes, como Adimod (Pidotimod), que rechazan la probabilidad de desarrollar infecciones y cuentan con una acci\u00f3n preventiva, tienen como objetivo inducir una efectiva maduraci\u00f3n de distintas l\u00edneas celulares que usualmente se encuentran deficientes en los procesos infecciosos<sup>1<\/sup>, y se relaciona con una resoluci\u00f3n m\u00e1s r\u00e1pida de los cuadros infecciosos, as\u00ed como la prevenci\u00f3n de recurrencias y un menor requerimiento de medicamentos para la enfermedad de base.<\/p>\n<p>&nbsp;<\/p>\n<p>Adem\u00e1s de la medida de protecci\u00f3n antes mencionada, la vacunaci\u00f3n es considerada la primera opci\u00f3n y aunque se ha podido observar que la vacuna del COVID ha presentado algunas reacciones alerg\u00e9nicas, el beneficio de la protecci\u00f3n de la vacuna es mayor al riesgo de presentar una reacci\u00f3n al\u00e9rgica tratable en 1 de 100,000 o 1,000,000. de personas vacunadas.\u00a0asegur\u00f3 el Dr. David Mendoza, alerg\u00f3logo e inmun\u00f3logo cl\u00ednico, certificado por la Academia Europea de Alergia e Inmunolog\u00eda Cl\u00ednica.<\/p>\n<p>&nbsp;<\/p>\n<p>Coment\u00f3 el especialista que hasta el momento se han reportado 0.2% de reacciones adversas de 1,893,360 dosis aplicadas de la vacuna RNAm \u00a0en EU, de los cuales solo se documentaron 21 casos de anafilaxia en el periodo del 11 al 23 de diciembre 2020, en los primeros 30 minutos de la aplicaci\u00f3n, 17 ten\u00edan una historia de alergia previa y 7 antecedentes de anafilaxia.<\/p>\n<p><sup>\u00a0<\/sup><\/p>\n<p>En USA, los Centros de Control para la Prevenci\u00f3n de Enfermedades (CDC) recomendaron NO vacunar a personas con antecedentes de alergia grave o inmediata (en las primeras 4 hrs.) asociada a cualquiera de los componentes de la vacuna, incluyendo el Polietilen glicol (PEG) y sus derivados como los polisorbatos.<\/p>\n<p>&nbsp;<\/p>\n<p>\u201cLas vacunas\u00a0ponen en marcha las defensas naturales del organismo y de ese modo reducen el riesgo de contraer enfermedades<sup>2<\/sup>,\u00a0son tan eficaces porque antes de tratar una enfermedad cuando esta aparece, pueden evitar que nos enfermemos\u201d puntualiz\u00f3 el Dr. Mendoza.<\/p>\n<p>&nbsp;<\/p>\n<p><b>Respuesta inmunol\u00f3gica con relaci\u00f3n al estado emocional<\/b><\/p>\n<p>&nbsp;<\/p>\n<p><strong>Estamos viviendo tiempos de grandes cambios y nuestras emociones lo saben<\/strong><b>.<\/b>\u00a0La limitaci\u00f3n de la movilidad, el estr\u00e9s, el aislamiento, el cambio en nuestros h\u00e1bitos cotidianos, la falta de sue\u00f1o, el distanciamiento con nuestros seres queridos, perder a familiares y amigos por causa de la pandemia o estar enfermos, alteran nuestro mundo emocional y tambi\u00e9n la manera en que funciona nuestro sistema inmune, coment\u00f3 el Dr. Gustavo Aguilar Vel\u00e1zquez, inmun\u00f3logo,\u00a0<span lang=\"ES-TRAD\">profesor titular de la materia de Inmunolog\u00eda Facultad de Medicina, U.N.A.M<\/span><\/p>\n<p>&nbsp;<\/p>\n<p>Est\u00e1 demostrado que emociones como la angustia y la tristeza afectan el sistema inmune especialmente en lo que se refiere a la primera l\u00ednea de defensa contra los virus y contra las c\u00e9lulas que se han malignizado y especialmente se ve m\u00e1s afectado el sistema de defensas cuando estas sensaciones se prolongan por mucho tiempo.<\/p>\n<p>&nbsp;<\/p>\n<p>En un primer momento de estr\u00e9s, el sistema inmune es capaz de aumentar su respuesta y defendernos mejor, pero ante un estr\u00e9s cr\u00f3nico o prolongado, termina agot\u00e1ndose y bajando la guardia ante cualquier enfermedad respiratoria lo que nos pone m\u00e1s vulnerables para contraerlas.<\/p>\n<p>&nbsp;<\/p>\n<p>Las precauciones para reducir el riesgo de contraer la\u00a0COVID-19, los resfriados, y la gripe incluyen: Evitar el contacto cercano con cualquier persona fuera de tu casa, lavarse las manos con frecuencia con agua y jab\u00f3n por lo menos por 20 segundos, usar un desinfectante para manos, evitar los espacios interiores en donde haya mucha gente, cubrirse la boca y la nariz con el codo al toser o estornudar, evitar tocarse los ojos, nariz y boca.<\/p>\n<p>&nbsp;<\/p>\n<p>Tomar medidas preventivas puede ayudarnos a estar sanos y reducir el riesgo de contraer la\u00a0COVID-19, la influenza o el resfriado com\u00fan, finalizaron los especialistas.<\/p>\n<p>&nbsp;<\/p>\n<p><sup>\u00a0<\/sup><\/p>\n<p><sup>1 Vargas-Correa JB, Espinosa-Morales S, Bola\u00f1os-Ancona JC, Farf\u00e1n-Ale JA: Pidotimod en infecci\u00f3n respiratoria recurrente en el ni\u00f1o con rinitis al\u00e9rgica, asma o ambos padecimientos. Revista Alergia M\u00e9xico 2002; XLIX:27-32.<\/sup><\/p>\n<p><sup>2.-\u00a0<a href=\"https:\/\/vacunasaep.org\/profesionales\/reacciones-adversas-de-las-vacunas\" target=\"_blank\" rel=\"noopener noreferrer\" data-auth=\"NotApplicable\">https:\/\/vacunasaep.org\/profesionales\/reacciones-adversas-de-las-vacunas<\/a><\/sup><\/p>\n<\/div>\n<div><\/div>\n","protected":false},"excerpt":{"rendered":"<p>\u00a0 \u00a0 \u00b7\u00a0\u00a0\u00a0\u00a0\u00a0\u00a0\u00a0Es importante que m\u00e9dico y paciente puedan diferenciar s\u00edntomas de estas enfermedades para evitar tratamientos equivocados que puedan<\/p>\n","protected":false},"author":2,"featured_media":27699,"comment_status":"open","ping_status":"open","sticky":false,"template":"","format":"standard","meta":{"colormag_page_container_layout":"default_layout","colormag_page_sidebar_layout":"default_layout","footnotes":""},"categories":[5],"tags":[],"class_list":["post-27696","post","type-post","status-publish","format-standard","has-post-thumbnail","hentry","category-nacional"],"_links":{"self":[{"href":"http:\/\/vocesver.com\/noticias\/wp-json\/wp\/v2\/posts\/27696","targetHints":{"allow":["GET"]}}],"collection":[{"href":"http:\/\/vocesver.com\/noticias\/wp-json\/wp\/v2\/posts"}],"about":[{"href":"http:\/\/vocesver.com\/noticias\/wp-json\/wp\/v2\/types\/post"}],"author":[{"embeddable":true,"href":"http:\/\/vocesver.com\/noticias\/wp-json\/wp\/v2\/users\/2"}],"replies":[{"embeddable":true,"href":"http:\/\/vocesver.com\/noticias\/wp-json\/wp\/v2\/comments?post=27696"}],"version-history":[{"count":2,"href":"http:\/\/vocesver.com\/noticias\/wp-json\/wp\/v2\/posts\/27696\/revisions"}],"predecessor-version":[{"id":27698,"href":"http:\/\/vocesver.com\/noticias\/wp-json\/wp\/v2\/posts\/27696\/revisions\/27698"}],"wp:featuredmedia":[{"embeddable":true,"href":"http:\/\/vocesver.com\/noticias\/wp-json\/wp\/v2\/media\/27699"}],"wp:attachment":[{"href":"http:\/\/vocesver.com\/noticias\/wp-json\/wp\/v2\/media?parent=27696"}],"wp:term":[{"taxonomy":"category","embeddable":true,"href":"http:\/\/vocesver.com\/noticias\/wp-json\/wp\/v2\/categories?post=27696"},{"taxonomy":"post_tag","embeddable":true,"href":"http:\/\/vocesver.com\/noticias\/wp-json\/wp\/v2\/tags?post=27696"}],"curies":[{"name":"wp","href":"https:\/\/api.w.org\/{rel}","templated":true}]}}