{"id":27693,"date":"2021-01-22T15:55:21","date_gmt":"2021-01-22T15:55:21","guid":{"rendered":"http:\/\/vocesver.com\/noticias\/?p=27693"},"modified":"2021-01-22T15:58:50","modified_gmt":"2021-01-22T15:58:50","slug":"movimiento-nacional-de-la-esperanza-reactivara-produccion-agricola-en-medellin","status":"publish","type":"post","link":"http:\/\/vocesver.com\/noticias\/movimiento-nacional-de-la-esperanza-reactivara-produccion-agricola-en-medellin\/","title":{"rendered":"MOVIMIENTO NACIONAL DE LA ESPERANZA REACTIVAR\u00c1 PRODUCCI\u00b4\u00d3N AGR\u00cdCOLA EN MEDELL\u00cdN."},"content":{"rendered":"<p dir=\"ltr\">POR:ALEJANDRO MURRIETA\/VOCESVER.COM\/NOTICIAS<\/p>\n<p dir=\"ltr\">Medell\u00edn de Bravo. A 22 de Enero 2021.-Ariel Mart\u00ednez M\u00e9ndez, enlace del Movimiento Nacional de la Esperanza (MNE) en Medell\u00edn de Bravo, denunci\u00f3 que las 36 comunidades de Medell\u00edn registran enorme rezago social, tanto en infraestructura como en la producci\u00f3n agr\u00edcola.<br \/>\nDetall\u00f3 que durante recorridos realizados por las comunidades de Medell\u00edn de Bravo ha confirmado que los caminos est\u00e1n en p\u00e9simas condiciones, que las familias carecen de servicios b\u00e1sicos como alumbrado p\u00fablico y de agua potable.<br \/>\nMart\u00ednez M\u00e9ndez coment\u00f3 que, a un a\u00f1o de haber iniciado su gesti\u00f3n como enlace del MNE en Medell\u00edn, est\u00e1 conformando grupos de trabajo, de 50 a 100 agricultores, para generar varios proyectos de producci\u00f3n alimentaria y de esa manera abatir el rezago en la producci\u00f3n del campo.<br \/>\nActualmente se coordinan con los grupos de trabajo para determinar el tipo de grano que sembrar\u00e1n y producir\u00e1n en los campos de Medell\u00edn, \u201cPuede ser frijol, ma\u00edz o cacahuate, cada grupo decidir\u00e1 a la producci\u00f3n a la que se van a dedicar y la superficie de tierra que van a cultivar\u201d.<br \/>\nEl activista convoc\u00f3 a los agricultores de Medell\u00edn de Bravo a unir esfuerzos en torno a un solo proyecto para alcanzar el anhelado cambio social, \u201cEn eso estamos trabajando desde hace un a\u00f1o al lado del profesor Ren\u00e9 Bejarano\u201d, finaliz\u00f3.<\/p>\n<div id=\"x_mail-app-auto-default-signature\">\n<p dir=\"ltr\">&#8212;<\/p>\n<\/div>\n","protected":false},"excerpt":{"rendered":"<p>POR:ALEJANDRO MURRIETA\/VOCESVER.COM\/NOTICIAS Medell\u00edn de Bravo. A 22 de Enero 2021.-Ariel Mart\u00ednez M\u00e9ndez, enlace del Movimiento Nacional de la Esperanza (MNE)<\/p>\n","protected":false},"author":2,"featured_media":27695,"comment_status":"open","ping_status":"open","sticky":false,"template":"","format":"standard","meta":{"colormag_page_container_layout":"default_layout","colormag_page_sidebar_layout":"default_layout","footnotes":""},"categories":[2],"tags":[],"class_list":["post-27693","post","type-post","status-publish","format-standard","has-post-thumbnail","hentry","category-infogral"],"_links":{"self":[{"href":"http:\/\/vocesver.com\/noticias\/wp-json\/wp\/v2\/posts\/27693","targetHints":{"allow":["GET"]}}],"collection":[{"href":"http:\/\/vocesver.com\/noticias\/wp-json\/wp\/v2\/posts"}],"about":[{"href":"http:\/\/vocesver.com\/noticias\/wp-json\/wp\/v2\/types\/post"}],"author":[{"embeddable":true,"href":"http:\/\/vocesver.com\/noticias\/wp-json\/wp\/v2\/users\/2"}],"replies":[{"embeddable":true,"href":"http:\/\/vocesver.com\/noticias\/wp-json\/wp\/v2\/comments?post=27693"}],"version-history":[{"count":1,"href":"http:\/\/vocesver.com\/noticias\/wp-json\/wp\/v2\/posts\/27693\/revisions"}],"predecessor-version":[{"id":27694,"href":"http:\/\/vocesver.com\/noticias\/wp-json\/wp\/v2\/posts\/27693\/revisions\/27694"}],"wp:featuredmedia":[{"embeddable":true,"href":"http:\/\/vocesver.com\/noticias\/wp-json\/wp\/v2\/media\/27695"}],"wp:attachment":[{"href":"http:\/\/vocesver.com\/noticias\/wp-json\/wp\/v2\/media?parent=27693"}],"wp:term":[{"taxonomy":"category","embeddable":true,"href":"http:\/\/vocesver.com\/noticias\/wp-json\/wp\/v2\/categories?post=27693"},{"taxonomy":"post_tag","embeddable":true,"href":"http:\/\/vocesver.com\/noticias\/wp-json\/wp\/v2\/tags?post=27693"}],"curies":[{"name":"wp","href":"https:\/\/api.w.org\/{rel}","templated":true}]}}