{"id":27688,"date":"2021-01-22T15:48:52","date_gmt":"2021-01-22T15:48:52","guid":{"rendered":"http:\/\/vocesver.com\/noticias\/?p=27688"},"modified":"2021-01-22T15:51:52","modified_gmt":"2021-01-22T15:51:52","slug":"impulsa-la-cmic-programas-de-capacitacion-para-constructoras-veracruzanas","status":"publish","type":"post","link":"http:\/\/vocesver.com\/noticias\/impulsa-la-cmic-programas-de-capacitacion-para-constructoras-veracruzanas\/","title":{"rendered":"IMPULSA LA CMIC PROGRAMAS DE CAPACITACI\u00d3N PARA CONSTRUCTORAS VERACRUZANAS."},"content":{"rendered":"<p><a href=\"http:\/\/vocesver.com\/noticias\/wp-content\/uploads\/2021\/01\/CMIC2.jpg\"><img loading=\"lazy\" decoding=\"async\" class=\"alignnone size-medium wp-image-27691\" src=\"http:\/\/vocesver.com\/noticias\/wp-content\/uploads\/2021\/01\/CMIC2-300x184.jpg\" alt=\"\" width=\"300\" height=\"184\" srcset=\"http:\/\/vocesver.com\/noticias\/wp-content\/uploads\/2021\/01\/CMIC2-300x184.jpg 300w, http:\/\/vocesver.com\/noticias\/wp-content\/uploads\/2021\/01\/CMIC2-768x472.jpg 768w, http:\/\/vocesver.com\/noticias\/wp-content\/uploads\/2021\/01\/CMIC2-1024x629.jpg 1024w, http:\/\/vocesver.com\/noticias\/wp-content\/uploads\/2021\/01\/CMIC2.jpg 1280w\" sizes=\"auto, (max-width: 300px) 100vw, 300px\" \/><\/a><\/p>\n<p>\u00b7 La CMIC y la STPS signan convenio de colaboraci\u00f3n para implementar programas de capacitaci\u00f3n en empresas de la entidad.<\/p>\n<p>&nbsp;<\/p>\n<p>AUSENCIO RIVERA\/VOCESVER.COM\/NOTICIAS<\/p>\n<p>Boca del R\u00edo, Ver. 22 de enero de 2021.- La capacitaci\u00f3n es la base del desarrollo de las empresas veracruzanas, asegur\u00f3 el presidente de la C\u00e1mara Mexicana de la Industria de la Construcci\u00f3n (CMIC), delegaci\u00f3n Veracruz-Puerto, Marcos Ordu\u00f1a Alcocer, quien, junto con l\u00edderes de este organismo de todo el estado, firm\u00f3 un convenio de colaboraci\u00f3n con la Secretar\u00eda del Trabajo del Estado de Veracruz.<\/p>\n<p>Con la presencia de la titular de esta dependencia, Diana Estela Ar\u00f3stegui Carballo, el dirigente de los constructores explic\u00f3 que este convenio tiene como principal objetivo establecer las bases de coordinaci\u00f3n y colaboraci\u00f3n institucional para llevar a cabo la capacitaci\u00f3n en favor de las empresas de la regi\u00f3n del Estado de Veracruz.<\/p>\n<p>Agreg\u00f3 que lo anterior consiste en la colocaci\u00f3n, concertaci\u00f3n, reclutamiento y selecci\u00f3n de personas desempleadas o subempleadas y personas con discapacidad, de acuerdo a lo establecido en la normatividad del Programa de Apoyo al Empleo (PAE).<\/p>\n<p>\u201cEsto traer\u00e1 grandes beneficios para quienes participen en el programa, capacit\u00e1ndose y siendo promovidos a trav\u00e9s de bolsas de trabajo de la CMIC\u201d, sostuvo el l\u00edder empresarial, quien consider\u00f3 necesario desarrollar este tipo de medidas para mitigar el desempleo, impulsando el desarrollo de las empresas veracruzanas.<\/p>\n<p>En la ceremonia tambi\u00e9n estuvo presente la licenciada Esmeralda Solano Landa, directora del Servicio Nacional de Empleo Veracruz y los presidentes de las delegaciones de la CMIC en Veracruz Centro, Veracruz Norte y<\/p>\n","protected":false},"excerpt":{"rendered":"<p>\u00b7 La CMIC y la STPS signan convenio de colaboraci\u00f3n para implementar programas de capacitaci\u00f3n en empresas de la entidad.<\/p>\n","protected":false},"author":2,"featured_media":27690,"comment_status":"open","ping_status":"open","sticky":false,"template":"","format":"standard","meta":{"colormag_page_container_layout":"default_layout","colormag_page_sidebar_layout":"default_layout","footnotes":""},"categories":[2],"tags":[],"class_list":["post-27688","post","type-post","status-publish","format-standard","has-post-thumbnail","hentry","category-infogral"],"_links":{"self":[{"href":"http:\/\/vocesver.com\/noticias\/wp-json\/wp\/v2\/posts\/27688","targetHints":{"allow":["GET"]}}],"collection":[{"href":"http:\/\/vocesver.com\/noticias\/wp-json\/wp\/v2\/posts"}],"about":[{"href":"http:\/\/vocesver.com\/noticias\/wp-json\/wp\/v2\/types\/post"}],"author":[{"embeddable":true,"href":"http:\/\/vocesver.com\/noticias\/wp-json\/wp\/v2\/users\/2"}],"replies":[{"embeddable":true,"href":"http:\/\/vocesver.com\/noticias\/wp-json\/wp\/v2\/comments?post=27688"}],"version-history":[{"count":2,"href":"http:\/\/vocesver.com\/noticias\/wp-json\/wp\/v2\/posts\/27688\/revisions"}],"predecessor-version":[{"id":27692,"href":"http:\/\/vocesver.com\/noticias\/wp-json\/wp\/v2\/posts\/27688\/revisions\/27692"}],"wp:featuredmedia":[{"embeddable":true,"href":"http:\/\/vocesver.com\/noticias\/wp-json\/wp\/v2\/media\/27690"}],"wp:attachment":[{"href":"http:\/\/vocesver.com\/noticias\/wp-json\/wp\/v2\/media?parent=27688"}],"wp:term":[{"taxonomy":"category","embeddable":true,"href":"http:\/\/vocesver.com\/noticias\/wp-json\/wp\/v2\/categories?post=27688"},{"taxonomy":"post_tag","embeddable":true,"href":"http:\/\/vocesver.com\/noticias\/wp-json\/wp\/v2\/tags?post=27688"}],"curies":[{"name":"wp","href":"https:\/\/api.w.org\/{rel}","templated":true}]}}