{"id":27685,"date":"2021-01-21T16:56:12","date_gmt":"2021-01-21T16:56:12","guid":{"rendered":"http:\/\/vocesver.com\/noticias\/?p=27685"},"modified":"2021-01-21T16:56:20","modified_gmt":"2021-01-21T16:56:20","slug":"asi-reacciona-el-mundo-ante-la-toma-de-posesion-de-joe-biden","status":"publish","type":"post","link":"http:\/\/vocesver.com\/noticias\/asi-reacciona-el-mundo-ante-la-toma-de-posesion-de-joe-biden\/","title":{"rendered":"AS\u00cd REACCIONA EL MUNDO ANTE LA TOMA DE POSESI\u00d3N DE JOE BIDEN"},"content":{"rendered":"<p>Joe Biden tom\u00f3 posesi\u00f3n como presidente n\u00famero 46 de Estados Unidos. Foto: AFP<\/p>\n<p>REDACCI\u00d3N\/VOCESVER.COM\/NOTICIAS<\/p>\n<p>INTERNACIONAL.- A 20 de Enero 2021.-De acuerdo con informaci\u00f3n de UNOTV&#8230;&#8230;Ante la toma de posesi\u00f3n de\u00a0<a href=\"https:\/\/www.unotv.com\/internacional\/joe-biden-toma-posesion-como-presidente-46-de-estados-unidos\/\" target=\"_blank\" rel=\"noreferrer noopener\" aria-label=\"undefined (abre en una nueva pesta\u00f1a)\">Joe Biden como el presidente n\u00famero 46 de Estados Unidos<\/a>, pol\u00edticos y l\u00edderes de todo el mundo reaccionaron a este hecho enviando diversos mensajes al\u00a0<strong>dem\u00f3crata<\/strong>\u00a0vencedor en las elecciones del pasado 3 de noviembre.<\/p>\n<ul>\n<li><strong>Boris Johnson<\/strong><\/li>\n<\/ul>\n<p>El\u00a0<strong>primer ministro brit\u00e1nico Boris Johnson<\/strong>\u00a0felicit\u00f3 al\u00a0<a href=\"https:\/\/www.unotv.com\/internacional\/en-vivo-joe-biden-toma-de-posesion-como-presidente-de-eu-en-washington-en-directo\/\" target=\"_blank\" rel=\"noreferrer noopener\" aria-label=\"undefined (abre en una nueva pesta\u00f1a)\">Joe Biden por su juramento como presidente de Estados Unidos, y a su vicepresidenta Kamala Harris por su<strong>\u00a0\u201chist\u00f3rica investidura\u201d\u00a0<\/strong><\/a>como primera mujer en el cargo.<\/p>\n<blockquote class=\"wp-block-quote\"><p>\u201cEnhorabuena a @JoeBiden al prestar juramento como presidente de los Estados Unidos y @KamalaHarris en su hist\u00f3rica inauguraci\u00f3n. El liderazgo de Estados Unidos es vital en los temas que nos importan a todos, desde el cambio clim\u00e1tico hasta el COVID, y espero con impaciencia trabajar con el presidente Biden\u201d,<\/p>\n<p><cite>tuite\u00f3 el l\u00edder conservador.<\/cite><\/p><\/blockquote>\n<div class=\"wp-block-embed__wrapper\"><\/div>\n<ul>\n<li><strong>Rusia<\/strong><\/li>\n<\/ul>\n<p>Por su parte,\u00a0<strong>Rusia<\/strong>\u00a0declar\u00f3 que\u00a0<strong>esperaba un trabajo \u201cm\u00e1s constructivo\u201d\u00a0<\/strong>con el Gobierno del nuevo presidente estadounidense<strong>\u00a0<\/strong><a href=\"https:\/\/www.unotv.com\/internacional\/joe-biden-jornada-antes-y-despues-de-rendir-protesta\/\" target=\"_blank\" rel=\"noreferrer noopener\" aria-label=\"undefined (abre en una nueva pesta\u00f1a)\">Joe Biden\u00a0<\/a>para prolongar el\u00a0<strong>tratado de desarme New Start,<\/strong>\u00a0que expira el 5 de febrero.<\/p>\n<p><strong>\u201cEsperamos que el nuevo Gobierno estadounidense mostrar\u00e1 una posici\u00f3n m\u00e1s constructiva en el di\u00e1logo con nosotros\u201d<\/strong>\u00a0sobre la prolongaci\u00f3n del tratado\u00a0<strong>New Start\u00a0<\/strong>que limita los arsenales nucleares de las dos potencias, indic\u00f3 la diplomacia rusa en un comunicado publicado pocos minutos despu\u00e9s de la investidura de<strong>\u00a0Joe Biden.<\/strong><\/p>\n<p><strong>Papa Francisco<\/strong><\/p>\n<p>Desde el Vaticano, el\u00a0<strong>Papa Francisco\u00a0<\/strong>anim\u00f3 a\u00a0<strong>Joe Biden a favorecer \u201cla reconciliaci\u00f3n y la paz\u201d<\/strong>\u00a0en Estados Unidos, as\u00ed como entre las naciones. El\u00a0<strong>pont\u00edfice<\/strong>\u00a0espera que el presidente ser\u00e1<strong>\u00a0\u201cguiado en sus esfuerzos para favorecer la reconciliaci\u00f3n y la paz en Estados Unidos y entre las naciones del mundo, para hacer avanzar el bien com\u00fan universal\u201d.<\/strong><\/p>\n<ul>\n<li><strong>Primer ministro<\/strong>\u00a0<strong>israel\u00ed<\/strong><\/li>\n<\/ul>\n<p>Tambi\u00e9n el<strong>\u00a0primer ministro israel\u00ed, Benjamin Netanyahu,<\/strong>\u00a0pidi\u00f3 al nuevo presidente estadounidense Joe Biden \u201creforzar la alianza\u201d entre<strong>\u00a0Israel y Estados Unidos<\/strong>\u00a0para enfrentar\u00a0<strong>\u201cdesaf\u00edos comunes\u201d,\u00a0<\/strong>como la<strong>\u00a0\u201camenaza\u201d iran\u00ed<\/strong>.<\/p>\n<blockquote class=\"wp-block-quote\"><p>\u201cEstoy impaciente de trabajar con usted para reforzar la alianza Estados Unidos\/Israel, para continuar extendiendo la paz entre Israel y el mundo \u00e1rabe y enfrentar desaf\u00edos comunes, empezando por la amenaza que representa Ir\u00e1n\u201d,<\/p>\n<p><cite>Declar\u00f3 Netanyahu en un video de felicitaci\u00f3n.<\/cite><\/p><\/blockquote>\n<ul>\n<li><strong>Andr\u00e9s Manuel L\u00f3pez Obrador<\/strong><\/li>\n<\/ul>\n<p>En M\u00e9xico, el\u00a0<a href=\"https:\/\/www.unotv.com\/nacional\/amlo-envia-buenos-deseos-a-biden-para-su-gestion-que-todo-salga-bien\/\" target=\"_blank\" rel=\"noreferrer noopener\" aria-label=\"undefined (abre en una nueva pesta\u00f1a)\">presidente Andr\u00e9s Manuel L\u00f3pez Obrador tambi\u00e9n envi\u00f3 un mensaje<\/a>\u00a0de buenos deseos a\u00a0<a href=\"https:\/\/www.unotv.com\/internacional\/visiblemente-conmovido-joe-biden-llora-por-beau-su-hijo-fallecido\/\" target=\"_blank\" rel=\"noreferrer noopener\">Joe Biden<\/a>.<\/p>\n<blockquote class=\"wp-block-quote\"><p>\u201cQue todo salga bien, que la ceremonia se lleve a cabo con tranquilidad, con paz, que sea para bien del pueblo de Estados Unidos que son nuestros vecinos. Que le vaya bien en su gesti\u00f3n\u201d<\/p>\n<p><cite>Andr\u00e9s Manuel L\u00f3pez Obrador, presidente de M\u00e9xico<\/cite><\/p><\/blockquote>\n<p><strong>Joe Biden jur\u00f3 como presidente de Estados Unidos<\/strong>\u00a0en una ceremonia emotiva y en donde se reunieron un grupo de invitados especiales.<\/p>\n<p>INF. DE UNOTV&#8230;..<\/p>\n","protected":false},"excerpt":{"rendered":"<p>Joe Biden tom\u00f3 posesi\u00f3n como presidente n\u00famero 46 de Estados Unidos. Foto: AFP REDACCI\u00d3N\/VOCESVER.COM\/NOTICIAS INTERNACIONAL.- A 20 de Enero 2021.-De<\/p>\n","protected":false},"author":2,"featured_media":27686,"comment_status":"open","ping_status":"open","sticky":false,"template":"","format":"standard","meta":{"colormag_page_container_layout":"default_layout","colormag_page_sidebar_layout":"default_layout","footnotes":""},"categories":[6],"tags":[],"class_list":["post-27685","post","type-post","status-publish","format-standard","has-post-thumbnail","hentry","category-internacional"],"_links":{"self":[{"href":"http:\/\/vocesver.com\/noticias\/wp-json\/wp\/v2\/posts\/27685","targetHints":{"allow":["GET"]}}],"collection":[{"href":"http:\/\/vocesver.com\/noticias\/wp-json\/wp\/v2\/posts"}],"about":[{"href":"http:\/\/vocesver.com\/noticias\/wp-json\/wp\/v2\/types\/post"}],"author":[{"embeddable":true,"href":"http:\/\/vocesver.com\/noticias\/wp-json\/wp\/v2\/users\/2"}],"replies":[{"embeddable":true,"href":"http:\/\/vocesver.com\/noticias\/wp-json\/wp\/v2\/comments?post=27685"}],"version-history":[{"count":1,"href":"http:\/\/vocesver.com\/noticias\/wp-json\/wp\/v2\/posts\/27685\/revisions"}],"predecessor-version":[{"id":27687,"href":"http:\/\/vocesver.com\/noticias\/wp-json\/wp\/v2\/posts\/27685\/revisions\/27687"}],"wp:featuredmedia":[{"embeddable":true,"href":"http:\/\/vocesver.com\/noticias\/wp-json\/wp\/v2\/media\/27686"}],"wp:attachment":[{"href":"http:\/\/vocesver.com\/noticias\/wp-json\/wp\/v2\/media?parent=27685"}],"wp:term":[{"taxonomy":"category","embeddable":true,"href":"http:\/\/vocesver.com\/noticias\/wp-json\/wp\/v2\/categories?post=27685"},{"taxonomy":"post_tag","embeddable":true,"href":"http:\/\/vocesver.com\/noticias\/wp-json\/wp\/v2\/tags?post=27685"}],"curies":[{"name":"wp","href":"https:\/\/api.w.org\/{rel}","templated":true}]}}