{"id":27681,"date":"2021-01-21T16:43:07","date_gmt":"2021-01-21T16:43:07","guid":{"rendered":"http:\/\/vocesver.com\/noticias\/?p=27681"},"modified":"2021-01-21T16:43:16","modified_gmt":"2021-01-21T16:43:16","slug":"mexico-celebra-suspension-de-muro-fronterizo-con-eu","status":"publish","type":"post","link":"http:\/\/vocesver.com\/noticias\/mexico-celebra-suspension-de-muro-fronterizo-con-eu\/","title":{"rendered":"M\u00c9XICO CELEBRA SUSPENSI\u00d3N DE MURO FRONTERIZO CON EU."},"content":{"rendered":"<p>FOTO: Reuters<\/p>\n<p>REDACCI\u00d3N\/VOCESVER.COM\/NOTICIAS<\/p>\n<p>NACIONAL.- A 20 de Enero 2021.- De acuerdo con informaci\u00f3n de UNOTV\/AFP&#8230;.El gobierno de M\u00e9xico celebr\u00f3 la decisi\u00f3n del presidente entrante de Estados Unidos, Joe Biden,\u00a0<a href=\"https:\/\/www.unotv.com\/internacional\/joe-biden-decreta-el-regreso-de-eu-a-la-oms-y-al-acuerdo-de-paris\/\" target=\"_blank\" rel=\"noreferrer noopener\" aria-label=\"undefined (abre en una nueva pesta\u00f1a)\">de suspender la\u00a0<strong>construcci\u00f3n de un muro en la frontera<\/strong>\u00a0com\u00fan\u00a0<\/a>que hab\u00eda ordenado su predecesor, Donald Trump.<\/p>\n<p><strong><em>\u201cM\u00e9xico saluda el fin de la construcci\u00f3n del muro, la iniciativa migratoria en favor de DACA y un camino hacia la doble ciudadan\u00eda\u201d<\/em><\/strong>, escribi\u00f3 en Twitter el canciller Marcelo Ebrard.<\/p>\n<p>Biden\u00a0<a href=\"https:\/\/www.unotv.com\/internacional\/joe-biden-suspendera-construccion-del-muro-en-la-frontera-con-mexico\/\" target=\"_blank\" rel=\"noreferrer noopener\" aria-label=\"undefined (abre en una nueva pesta\u00f1a)\">firm\u00f3 este mi\u00e9rcoles un decreto ordenando poner un alto\u00a0<\/a>al\u00a0<strong>muro fronterizo\u00a0<\/strong>y presentar\u00e1 un proyecto ante el Congreso que permitir\u00e1 la naturalizaci\u00f3n de unos 700 mil j\u00f3venes que llegaron como indocumentados acompa\u00f1ando a sus padres, colectivo conocido como los\u00a0<em>\u201cDreamers\u201d.<\/em><\/p>\n<p>El gobierno de Barack Obama hab\u00eda instaurado un\u00a0<a href=\"https:\/\/www.unotv.com\/noticias\/portal\/internacional\/detalle\/daca-que-es-y-por-que-trump-lo-ha-querido-desaparecer-831415\/\" target=\"_blank\" rel=\"noreferrer noopener\" aria-label=\"undefined (abre en una nueva pesta\u00f1a)\">programa conocido como\u00a0<strong>DACA<\/strong><\/a>, que proteg\u00eda de la deportaci\u00f3n a esos j\u00f3venes y que el gobierno de Trump buscaba terminarlo.<\/p>\n<p>El presidente,\u00a0<strong>Andr\u00e9s Manuel L\u00f3pez Obrador, dese\u00f3 a Joe Biden \u00e9xito en su mandato\u00a0<\/strong>en Estados Unidos, dijo compartir las prioridades del dem\u00f3crata y subray\u00f3 que la cooperaci\u00f3n binacional debe ser respetuosa de la soberan\u00eda.<\/p>\n<figure class=\"wp-block-embed-twitter wp-block-embed is-type-rich is-provider-twitter\">\n<div class=\"wp-block-embed__wrapper\">\n<blockquote class=\"twitter-tweet amp-hidden\" data-width=\"550\" data-dnt=\"true\">\n<p dir=\"ltr\" lang=\"es\">INF. DE UNOTV\/AFP&#8230;..<\/p>\n<\/blockquote>\n<\/div>\n<\/figure>\n","protected":false},"excerpt":{"rendered":"<p>FOTO: Reuters REDACCI\u00d3N\/VOCESVER.COM\/NOTICIAS NACIONAL.- A 20 de Enero 2021.- De acuerdo con informaci\u00f3n de UNOTV\/AFP&#8230;.El gobierno de M\u00e9xico celebr\u00f3 la<\/p>\n","protected":false},"author":2,"featured_media":27682,"comment_status":"open","ping_status":"open","sticky":false,"template":"","format":"standard","meta":{"colormag_page_container_layout":"default_layout","colormag_page_sidebar_layout":"default_layout","footnotes":""},"categories":[5],"tags":[],"class_list":["post-27681","post","type-post","status-publish","format-standard","has-post-thumbnail","hentry","category-nacional"],"_links":{"self":[{"href":"http:\/\/vocesver.com\/noticias\/wp-json\/wp\/v2\/posts\/27681","targetHints":{"allow":["GET"]}}],"collection":[{"href":"http:\/\/vocesver.com\/noticias\/wp-json\/wp\/v2\/posts"}],"about":[{"href":"http:\/\/vocesver.com\/noticias\/wp-json\/wp\/v2\/types\/post"}],"author":[{"embeddable":true,"href":"http:\/\/vocesver.com\/noticias\/wp-json\/wp\/v2\/users\/2"}],"replies":[{"embeddable":true,"href":"http:\/\/vocesver.com\/noticias\/wp-json\/wp\/v2\/comments?post=27681"}],"version-history":[{"count":2,"href":"http:\/\/vocesver.com\/noticias\/wp-json\/wp\/v2\/posts\/27681\/revisions"}],"predecessor-version":[{"id":27684,"href":"http:\/\/vocesver.com\/noticias\/wp-json\/wp\/v2\/posts\/27681\/revisions\/27684"}],"wp:featuredmedia":[{"embeddable":true,"href":"http:\/\/vocesver.com\/noticias\/wp-json\/wp\/v2\/media\/27682"}],"wp:attachment":[{"href":"http:\/\/vocesver.com\/noticias\/wp-json\/wp\/v2\/media?parent=27681"}],"wp:term":[{"taxonomy":"category","embeddable":true,"href":"http:\/\/vocesver.com\/noticias\/wp-json\/wp\/v2\/categories?post=27681"},{"taxonomy":"post_tag","embeddable":true,"href":"http:\/\/vocesver.com\/noticias\/wp-json\/wp\/v2\/tags?post=27681"}],"curies":[{"name":"wp","href":"https:\/\/api.w.org\/{rel}","templated":true}]}}