{"id":27677,"date":"2021-01-21T16:33:02","date_gmt":"2021-01-21T16:33:02","guid":{"rendered":"http:\/\/vocesver.com\/noticias\/?p=27677"},"modified":"2021-01-21T16:34:18","modified_gmt":"2021-01-21T16:34:18","slug":"recibe-dif-de-boca-del-rio-20-mil-cubrebocas-y-gel-antibacterial-por-parte-del-grupo-hidalgo-y-ocg-corporativ0","status":"publish","type":"post","link":"http:\/\/vocesver.com\/noticias\/recibe-dif-de-boca-del-rio-20-mil-cubrebocas-y-gel-antibacterial-por-parte-del-grupo-hidalgo-y-ocg-corporativ0\/","title":{"rendered":"RECIBE DIF DE BOCA DEL R\u00cdO 20 MIL CUBREBOCAS Y GEL ANTIBACTERIAL POR PARTE DEL GRUPO HIDALGO Y OCG CORPORATIV0.-"},"content":{"rendered":"<p class=\"x_x_MsoNoSpacing\"><b>\u00a0<\/b><\/p>\n<p class=\"x_x_MsoNormal\" align=\"center\"><span lang=\"ES-TRAD\">*Entregar\u00e1n los materiales de cuidado de la salud en las colonias m\u00e1s vulnerables del municipio.\u00a0<\/span><\/p>\n<p class=\"x_x_MsoNormal\" align=\"center\"><span lang=\"ES-TRAD\">\u00a0<\/span><\/p>\n<p class=\"x_x_MsoNormal\"><span lang=\"ES-TRAD\">\u00a0AUSENCIO RIVERA\/VOCESVER.COM\/NOTICIAS<\/span><\/p>\n<p>Boca del R\u00edo,Ver.- a 21 de Diciebre 2021.-<span lang=\"ES-TRAD\">El Sistema de Desarrollo Integral para la Familia (DIF) de Boca del R\u00edo a cargo de Karla Robles de Alonso recibi\u00f3 la donaci\u00f3n de 20 mil cubrebocas y 200\u00a0\u00a0litros de gel antibacterial por parte de Grupo Hidalgo (Puertas Autom\u00e1ticas de Veracruz) que preside Fernando Hidalgo Requejo y OCG Corporativo.\u00a0<\/span><\/p>\n<p class=\"x_x_MsoNormal\"><span lang=\"ES-TRAD\">\u00a0<\/span><\/p>\n<p class=\"x_x_MsoNormal\"><span lang=\"ES-TRAD\">Al respecto, Karla Robles de Alonso reconoci\u00f3 la importancia de contribuir de manera eficiente\u00a0\u00a0en la prevenci\u00f3n y atenci\u00f3n a los problemas asistenciales de los individuos, familias o comunidades m\u00e1s necesitadas del municipio, es por ello, que con la ayuda de ambas empresas socialmente responsables, este apoyo ser\u00e1 repartido en las colonias que m\u00e1s lo necesitan en coordinaci\u00f3n con la Direcci\u00f3n de Desarrollo Social a cargo de Jaime de la Garza.\u00a0<\/span><\/p>\n<p class=\"x_x_MsoNormal\"><span lang=\"ES-TRAD\">\u00a0<\/span><\/p>\n<p class=\"x_x_MsoNormal\"><span lang=\"ES-TRAD\">\u201cPor supuesto que nos van a servir para ayudar a las personas de la poblaci\u00f3n m\u00e1s vulnerable, seguimos nosotros realmente invitando a las personas a seguirse cuidando, usar su cubrebocas, es una responsabilidad que tenemos como seres humanos\u201d, resalt\u00f3.\u00a0<\/span><\/p>\n<p class=\"x_x_MsoNormal\"><span lang=\"ES-TRAD\">\u00a0<\/span><\/p>\n<p class=\"x_x_MsoNormal\"><span lang=\"ES-TRAD\">Por su parte el empresario Fernando Hidalgo Requejo y presidente de Grupo Hidalgo agradeci\u00f3 al DIF Municipal por recibir el donativo y ayudar a repartirlo entre la poblaci\u00f3n e invit\u00f3 a otros empresarios a sumarse con el apoyo de diversos materiales de protecci\u00f3n para evitar los contagios del coronavirus.\u00a0<\/span><\/p>\n<p class=\"x_x_MsoNormal\"><span lang=\"ES-TRAD\">\u00a0<\/span><\/p>\n<p class=\"x_x_MsoNormal\"><span lang=\"ES-TRAD\">Karla Robles, reconoci\u00f3 la importancia de que los ciudadanos contin\u00faen acatando las recomendaciones emitidas por la Organizaci\u00f3n Mundial de la Salud, las autoridades federales, estatales y municipales por la presencia de la pandemia del Covid-19.\u00a0<\/span><\/p>\n<p class=\"x_x_MsoNormal\"><span lang=\"ES-TRAD\">\u00a0<\/span><\/p>\n<p class=\"x_x_MsoNormal\"><span lang=\"ES-TRAD\">\u201cLa pandemia sigue, no ha acabado, el virus est\u00e1 ah\u00ed afuera, el virus sigue siendo contagioso y muchas veces se ha llevado la vida de much\u00edsimas personas que es lo m\u00e1s lamentable y que realmente es lo m\u00e1s preocupante\u201d, exhort\u00f3\u00a0<\/span><\/p>\n<p class=\"x_x_MsoNormal\"><span lang=\"ES-TRAD\">\u00a0<\/span><\/p>\n<p class=\"x_x_MsoNormal\"><span lang=\"ES-TRAD\">El gobierno de Boca del R\u00edo\u00a0\u00a0trabaja de la mano con ciudadanos y con el sector privado y contin\u00faa recibiendo donativos, con la seguridad de que se har\u00e1n llegar a las personas que lo necesitan con todas las medidas de sana distancia.\u00a0<\/span><\/p>\n<p class=\"x_x_MsoNormal\"><span lang=\"ES-TRAD\">\u00a0<\/span><\/p>\n","protected":false},"excerpt":{"rendered":"<p>\u00a0 *Entregar\u00e1n los materiales de cuidado de la salud en las colonias m\u00e1s vulnerables del municipio.\u00a0 \u00a0 \u00a0AUSENCIO RIVERA\/VOCESVER.COM\/NOTICIAS Boca<\/p>\n","protected":false},"author":2,"featured_media":27679,"comment_status":"open","ping_status":"open","sticky":false,"template":"","format":"standard","meta":{"colormag_page_container_layout":"default_layout","colormag_page_sidebar_layout":"default_layout","footnotes":""},"categories":[2],"tags":[],"class_list":["post-27677","post","type-post","status-publish","format-standard","has-post-thumbnail","hentry","category-infogral"],"_links":{"self":[{"href":"http:\/\/vocesver.com\/noticias\/wp-json\/wp\/v2\/posts\/27677","targetHints":{"allow":["GET"]}}],"collection":[{"href":"http:\/\/vocesver.com\/noticias\/wp-json\/wp\/v2\/posts"}],"about":[{"href":"http:\/\/vocesver.com\/noticias\/wp-json\/wp\/v2\/types\/post"}],"author":[{"embeddable":true,"href":"http:\/\/vocesver.com\/noticias\/wp-json\/wp\/v2\/users\/2"}],"replies":[{"embeddable":true,"href":"http:\/\/vocesver.com\/noticias\/wp-json\/wp\/v2\/comments?post=27677"}],"version-history":[{"count":2,"href":"http:\/\/vocesver.com\/noticias\/wp-json\/wp\/v2\/posts\/27677\/revisions"}],"predecessor-version":[{"id":27680,"href":"http:\/\/vocesver.com\/noticias\/wp-json\/wp\/v2\/posts\/27677\/revisions\/27680"}],"wp:featuredmedia":[{"embeddable":true,"href":"http:\/\/vocesver.com\/noticias\/wp-json\/wp\/v2\/media\/27679"}],"wp:attachment":[{"href":"http:\/\/vocesver.com\/noticias\/wp-json\/wp\/v2\/media?parent=27677"}],"wp:term":[{"taxonomy":"category","embeddable":true,"href":"http:\/\/vocesver.com\/noticias\/wp-json\/wp\/v2\/categories?post=27677"},{"taxonomy":"post_tag","embeddable":true,"href":"http:\/\/vocesver.com\/noticias\/wp-json\/wp\/v2\/tags?post=27677"}],"curies":[{"name":"wp","href":"https:\/\/api.w.org\/{rel}","templated":true}]}}