{"id":27674,"date":"2021-01-21T16:14:51","date_gmt":"2021-01-21T16:14:51","guid":{"rendered":"http:\/\/vocesver.com\/noticias\/?p=27674"},"modified":"2021-01-21T16:26:12","modified_gmt":"2021-01-21T16:26:12","slug":"poder-judicial-de-veracruz-se-suma-a-la-alerta-preventiva-emitida-por-el-gobierno-del-estado","status":"publish","type":"post","link":"http:\/\/vocesver.com\/noticias\/poder-judicial-de-veracruz-se-suma-a-la-alerta-preventiva-emitida-por-el-gobierno-del-estado\/","title":{"rendered":"PODER JUDICIAL DE VERACRUZ SE SUMA A LA \u00abALERTA PREVENTIVA\u00bb EMITIDA POR EL GOBIERNO DEL ESTADO."},"content":{"rendered":"<p dir=\"ltr\">AUSENCIO RIVERA\/VOCESVER.COM\/NOTICIAS<\/p>\n<p dir=\"ltr\">Xalapa, Ver., 21 de enero de 2021.- El Poder Judicial del Estado de Veracruz, a cargo de la Magistrada Isabel In\u00e9s Romero Cruz, Presidenta del Tribunal Superior de Justicia y del Consejo de la Judicatura, se suma a las medidas sanitarias que recomienda el Gobierno del Estado a trav\u00e9s de la Secretar\u00eda de Salud.<\/p>\n<p dir=\"ltr\">En atenci\u00f3n al Decreto publicado este 20 de enero del 2021 en la Gaceta Oficial del Estado con n\u00famero extraordinario 028, emitido por el Gobernador de Veracruz, Cuitl\u00e1huac Garc\u00eda Jim\u00e9nez en el que se establece la \u201cAlerta Preventiva por el virus SARS CoV2 (Covid-19)\u201d para el viernes 22, s\u00e1bado 23 y domingo 24 de enero del a\u00f1o en curso.<\/p>\n<p dir=\"ltr\">Con la finalidad de hacer frente a las medidas sanitarias que buscan prevenir el aumento de contagios en diversos municipios de la entidad veracruzana, el Poder Judicial de Veracruz adoptar\u00e1 las recomendaciones que buscan para reducir aglomeraciones y regular la movilidad de personas.<\/p>\n<p dir=\"ltr\">Privilegiando el derecho a la salud de los trabajadores y justiciables, se dispone suspender las labores el viernes 22 de enero del a\u00f1o en curso en todos los distritos judiciales del Poder Judicial del Estado.<\/p>\n<p dir=\"ltr\">De esta manera, se sugiere a los colaboradores y a la ciudadan\u00eda adoptar las medidas sanitarias pertinentes emitidas por las autoridades de Salud estatales y federales como el quedarse en casa, mantener la sana distancia, usar correctamente el cubrebocas y el constante lavado de manos.<\/p>\n<p dir=\"ltr\">Cabe mencionar que la justicia en el Estado de Veracruz est\u00e1 garantizada para las y los veracruzanos, por lo que los asuntos con car\u00e1cter urgente continuar\u00e1n atendi\u00e9ndose con guardias por parte de los colaboradores de los distintos tribunales y juzgados del Poder Judicial.po<\/p>\n","protected":false},"excerpt":{"rendered":"<p>AUSENCIO RIVERA\/VOCESVER.COM\/NOTICIAS Xalapa, Ver., 21 de enero de 2021.- El Poder Judicial del Estado de Veracruz, a cargo de la<\/p>\n","protected":false},"author":2,"featured_media":27676,"comment_status":"open","ping_status":"open","sticky":false,"template":"","format":"standard","meta":{"colormag_page_container_layout":"default_layout","colormag_page_sidebar_layout":"default_layout","footnotes":""},"categories":[2],"tags":[],"class_list":["post-27674","post","type-post","status-publish","format-standard","has-post-thumbnail","hentry","category-infogral"],"_links":{"self":[{"href":"http:\/\/vocesver.com\/noticias\/wp-json\/wp\/v2\/posts\/27674","targetHints":{"allow":["GET"]}}],"collection":[{"href":"http:\/\/vocesver.com\/noticias\/wp-json\/wp\/v2\/posts"}],"about":[{"href":"http:\/\/vocesver.com\/noticias\/wp-json\/wp\/v2\/types\/post"}],"author":[{"embeddable":true,"href":"http:\/\/vocesver.com\/noticias\/wp-json\/wp\/v2\/users\/2"}],"replies":[{"embeddable":true,"href":"http:\/\/vocesver.com\/noticias\/wp-json\/wp\/v2\/comments?post=27674"}],"version-history":[{"count":1,"href":"http:\/\/vocesver.com\/noticias\/wp-json\/wp\/v2\/posts\/27674\/revisions"}],"predecessor-version":[{"id":27675,"href":"http:\/\/vocesver.com\/noticias\/wp-json\/wp\/v2\/posts\/27674\/revisions\/27675"}],"wp:featuredmedia":[{"embeddable":true,"href":"http:\/\/vocesver.com\/noticias\/wp-json\/wp\/v2\/media\/27676"}],"wp:attachment":[{"href":"http:\/\/vocesver.com\/noticias\/wp-json\/wp\/v2\/media?parent=27674"}],"wp:term":[{"taxonomy":"category","embeddable":true,"href":"http:\/\/vocesver.com\/noticias\/wp-json\/wp\/v2\/categories?post=27674"},{"taxonomy":"post_tag","embeddable":true,"href":"http:\/\/vocesver.com\/noticias\/wp-json\/wp\/v2\/tags?post=27674"}],"curies":[{"name":"wp","href":"https:\/\/api.w.org\/{rel}","templated":true}]}}