{"id":27670,"date":"2021-01-20T16:51:06","date_gmt":"2021-01-20T16:51:06","guid":{"rendered":"http:\/\/vocesver.com\/noticias\/?p=27670"},"modified":"2021-01-20T16:51:06","modified_gmt":"2021-01-20T16:51:06","slug":"que-todo-salga-bienamlo-envia-buenos-deseos-a-biden-y-coincide-con-el-en-esto","status":"publish","type":"post","link":"http:\/\/vocesver.com\/noticias\/que-todo-salga-bienamlo-envia-buenos-deseos-a-biden-y-coincide-con-el-en-esto\/","title":{"rendered":"\u00abQUE TODO SALGA BIEN\u00bb:AMLO ENV\u00cdA BUENOS DESEOS A BIDEN Y COINCIDE CON \u00c9L EN ESTO."},"content":{"rendered":"<p>El presidente Andr\u00e9s Manuel L\u00f3pez Obrador se\u00f1al\u00f3 que la reactivaci\u00f3n en la econom\u00eda de EU es importante para M\u00e9xico. Foto: Cuartoscuro<\/p>\n<p>REDACCI\u00d3N\/VOCESVER.COM\/NOTICIAS<\/p>\n<p><strong>NACIONAL.-A 20 de\u00a0 Enero 2021.-De acuerdo con informaci\u00f3n de UNOTV\/M\u00c9XICO&#8230;..Andr\u00e9s Manuel L\u00f3pez Obrador<\/strong>\u00a0envi\u00f3 un mensaje de buenos deseos a\u00a0<a href=\"https:\/\/www.unotv.com\/internacional\/visiblemente-conmovido-joe-biden-llora-por-beau-su-hijo-fallecido\/\" target=\"_blank\" rel=\"noreferrer noopener\" aria-label=\"undefined (abre en una nueva pesta\u00f1a)\">Joe Biden<\/a>\u00a0que este 20 de enero tomar\u00e1 el poder como el\u00a0<strong>nuevo presidente de Estados Unidos<\/strong>.<\/p>\n<p>Durante su\u00a0<a href=\"https:\/\/www.unotv.com\/nacional\/la-mananera-de-amlo-20-de-enero-de-2021-en-vivo-sigue-los-temas-minuto-a-minuto\/\" target=\"_blank\" rel=\"noreferrer noopener\" aria-label=\"undefined (abre en una nueva pesta\u00f1a)\">conferencia ma\u00f1anera<\/a>, el jefe del ejecutivo expres\u00f3 que desea\u00a0<strong>que todo vaya bien en la que ser\u00e1 la gesti\u00f3n de Biden<\/strong>\u00a0y puntualiz\u00f3 que coincide con \u00e9l en las que son las prioridades de su agenda.<\/p>\n<ul>\n<li><a href=\"https:\/\/www.unotv.com\/internacional\/toma-de-posesion-de-biden-como-presidente-de-eu-en-vivo-y-en-directo-casa-blanca\/\" target=\"_blank\" rel=\"noreferrer noopener\" aria-label=\"undefined (abre en una nueva pesta\u00f1a)\">Ve aqu\u00ed en vivo la toma de posesi\u00f3n de Biden<\/a><\/li>\n<\/ul>\n<h2>AMLO env\u00eda buenos deseos a Biden, el nuevo presidente de Estados Unidos<\/h2>\n<blockquote class=\"wp-block-quote\"><p>\u201c<em>Que todo salga bien, que la ceremonia se lleve a cabo con tranquilidad, con paz, que sea para bien del pueblo de Estados Unidos que son nuestros vecinos. Que le vaya bien en su gesti\u00f3n\u201d<\/em><\/p>\n<p><cite>Andr\u00e9s Manuel L\u00f3pez Obrador, presidente de M\u00e9xico<\/cite><\/p><\/blockquote>\n<p>El mandatario a\u00f1adi\u00f3 que el acto de hoy en\u00a0<strong>Estados Unidos<\/strong>\u00a0es muy importante porque llega un nuevo presidente a un pa\u00eds en el que \u201cviven y trabajan\u00a0<strong>38 millones de mexicanos<\/strong>\u201c.<\/p>\n<ul>\n<li><a href=\"https:\/\/www.unotv.com\/internacional\/en-vivo-joe-biden-toma-de-posesion-como-presidente-de-eu-en-washington-en-directo\/\" target=\"_blank\" rel=\"noreferrer noopener\" aria-label=\"undefined (abre en una nueva pesta\u00f1a)\">Joe Biden, investidura como presidente de EU: sigue el minuto a minuto<\/a><\/li>\n<\/ul>\n<h2>L\u00f3pez Obrador coincide con Biden en esto:<\/h2>\n<p>L\u00f3pez Obrador coment\u00f3 que coincide en tres de los planteamientos de la agenda del dem\u00f3crata.<\/p>\n<ul>\n<li>Abordar la emergencia de la pandemia de COVID-19<\/li>\n<li>La reactivaci\u00f3n de la econom\u00eda<\/li>\n<li>El plan migratorio<\/li>\n<\/ul>\n<blockquote class=\"wp-block-quote\"><p><em>\u201cHe estado leyendo y coincido en tres planteamientos principales. El que atienda de inmediato lo de la pandemia que les est\u00e1 afectando mucho, igual que nosotros y a otros pueblos y a otras naciones, eso es una prioridad. Segundo, es muy importante, la reactivaci\u00f3n de la econom\u00eda, de que se destinen fondos con ese prop\u00f3sito, adicionalmente nos beneficia, nos ayuda, por la integraci\u00f3n econ\u00f3mica que existe entre Estados Unidos y M\u00e9xico\u201d<\/em><\/p>\n<p><cite>Andr\u00e9s Manuel L\u00f3pez Obrador, presidente de M\u00e9xico<\/cite><\/p><\/blockquote>\n<h2>El plan migratorio, de gran importancia para M\u00e9xico<\/h2>\n<p>En su mensaje sobre la\u00a0<strong>investidura de Joe Biden como el nuevo presidente de Estados Unidos<\/strong>, L\u00f3pez Obrador a\u00f1adi\u00f3 que hay un planteamiento en las acciones ejecutivas del dem\u00f3crata de suma\u00a0<strong>importancia para M\u00e9xico: el plan migratorio<\/strong>.<\/p>\n<blockquote class=\"wp-block-quote\"><p><em>\u201cEs lo que m\u00e1s tiene que ver con M\u00e9xico, es el plan migratorio. Hemos estado planteando que se debe regularizar a nuestros paisanos que llevan a\u00f1os trabajando en ese pa\u00eds, contribuyendo al desarrollo de esa gran naci\u00f3n. Este es un planteamiento que creo va a reafirmarse el d\u00eda de hoy o en estos d\u00edas por parte del presidente Biden y es bueno para M\u00e9xico. Esto complementado con el apoyo a pa\u00edses de Centroam\u00e9rica y al sur sureste de M\u00e9xico para enfrentar el fen\u00f3meno migratorio con desarrollo y con bienestar\u201d<\/em><\/p>\n<p><cite>Andr\u00e9s Manuel L\u00f3pez Obrador, presidente de M\u00e9xico<\/cite><\/p><\/blockquote>\n<p>El presidente record\u00f3 que el\u00a0<strong>tema migratorio<\/strong>\u00a0es un planteamiento que ya hab\u00eda presentado a\u00a0<strong>Biden\u00a0<\/strong>desde hace (unos) ocho, nueve a\u00f1os y pidi\u00f3 \u201cque se lea una carta que le entregu\u00e9 cuando nos encontramos en\u00a0<strong>Ciudad de M\u00e9xico<\/strong>\u00a0como en 2010-2011\u2033, se\u00f1al\u00f3.<\/p>\n<blockquote class=\"wp-block-quote\"><p><em>\u201cAh\u00ed hablo de que se debe regularizar la situaci\u00f3n de nuestros paisanos que trabajan en Estados Unidos y tambi\u00e9n del plan de desarrollo conjunto para detener la migraci\u00f3n ofreciendo mejores condiciones de vida y de trabajo a los mexicanos\u201d<\/em><\/p>\n<p><cite>Andr\u00e9s Manuel L\u00f3pez Obrador, presidente de M\u00e9xico<\/cite><\/p><\/blockquote>\n<p>Este mi\u00e9rcoles 20 de enero, los<strong>\u00a0dem\u00f3cratas Joe Biden y Kamala Harris<\/strong>\u00a0ser\u00e1n investidos como nuevos\u00a0<strong>presidente y vicepresidenta de Estados Unidos<\/strong>, respectivamente. Su llegada marca el fin de la era de\u00a0<strong>Donald Trump<\/strong>.<\/p>\n<p>&nbsp;<\/p>\n<p>INF. DE UNOTV\/M\u00c9XICO&#8230;..<\/p>\n","protected":false},"excerpt":{"rendered":"<p>El presidente Andr\u00e9s Manuel L\u00f3pez Obrador se\u00f1al\u00f3 que la reactivaci\u00f3n en la econom\u00eda de EU es importante para M\u00e9xico. Foto:<\/p>\n","protected":false},"author":2,"featured_media":27671,"comment_status":"open","ping_status":"open","sticky":false,"template":"","format":"standard","meta":{"colormag_page_container_layout":"default_layout","colormag_page_sidebar_layout":"default_layout","footnotes":""},"categories":[5],"tags":[],"class_list":["post-27670","post","type-post","status-publish","format-standard","has-post-thumbnail","hentry","category-nacional"],"_links":{"self":[{"href":"http:\/\/vocesver.com\/noticias\/wp-json\/wp\/v2\/posts\/27670","targetHints":{"allow":["GET"]}}],"collection":[{"href":"http:\/\/vocesver.com\/noticias\/wp-json\/wp\/v2\/posts"}],"about":[{"href":"http:\/\/vocesver.com\/noticias\/wp-json\/wp\/v2\/types\/post"}],"author":[{"embeddable":true,"href":"http:\/\/vocesver.com\/noticias\/wp-json\/wp\/v2\/users\/2"}],"replies":[{"embeddable":true,"href":"http:\/\/vocesver.com\/noticias\/wp-json\/wp\/v2\/comments?post=27670"}],"version-history":[{"count":1,"href":"http:\/\/vocesver.com\/noticias\/wp-json\/wp\/v2\/posts\/27670\/revisions"}],"predecessor-version":[{"id":27672,"href":"http:\/\/vocesver.com\/noticias\/wp-json\/wp\/v2\/posts\/27670\/revisions\/27672"}],"wp:featuredmedia":[{"embeddable":true,"href":"http:\/\/vocesver.com\/noticias\/wp-json\/wp\/v2\/media\/27671"}],"wp:attachment":[{"href":"http:\/\/vocesver.com\/noticias\/wp-json\/wp\/v2\/media?parent=27670"}],"wp:term":[{"taxonomy":"category","embeddable":true,"href":"http:\/\/vocesver.com\/noticias\/wp-json\/wp\/v2\/categories?post=27670"},{"taxonomy":"post_tag","embeddable":true,"href":"http:\/\/vocesver.com\/noticias\/wp-json\/wp\/v2\/tags?post=27670"}],"curies":[{"name":"wp","href":"https:\/\/api.w.org\/{rel}","templated":true}]}}