{"id":27652,"date":"2021-01-19T20:40:14","date_gmt":"2021-01-19T20:40:14","guid":{"rendered":"http:\/\/vocesver.com\/noticias\/?p=27652"},"modified":"2021-01-19T20:51:24","modified_gmt":"2021-01-19T20:51:24","slug":"ferretera-del-surrinde-homenaje-a-luis-de-la-fuente-y-hoyos-al-cumplirse-107-anos-de-su-natalicio","status":"publish","type":"post","link":"http:\/\/vocesver.com\/noticias\/ferretera-del-surrinde-homenaje-a-luis-de-la-fuente-y-hoyos-al-cumplirse-107-anos-de-su-natalicio\/","title":{"rendered":"\u00abFERRETERA DEL SUR\u00bbRINDE HOMENAJE A LUIS DE LA FUENTE Y HOYOS AL CUMPLIRSE 107 A\u00d1OS DE SU NATALICIO."},"content":{"rendered":"<p><a href=\"http:\/\/vocesver.com\/noticias\/wp-content\/uploads\/2021\/01\/pira.jpg\"><img loading=\"lazy\" decoding=\"async\" class=\"alignnone size-medium wp-image-27657\" src=\"http:\/\/vocesver.com\/noticias\/wp-content\/uploads\/2021\/01\/pira-225x300.jpg\" alt=\"\" width=\"225\" height=\"300\" srcset=\"http:\/\/vocesver.com\/noticias\/wp-content\/uploads\/2021\/01\/pira-225x300.jpg 225w, http:\/\/vocesver.com\/noticias\/wp-content\/uploads\/2021\/01\/pira.jpg 720w\" sizes=\"auto, (max-width: 225px) 100vw, 225px\" \/><\/a><a href=\"http:\/\/vocesver.com\/noticias\/wp-content\/uploads\/2021\/01\/pira2.jpg\"><img loading=\"lazy\" decoding=\"async\" class=\"alignnone size-medium wp-image-27654\" src=\"http:\/\/vocesver.com\/noticias\/wp-content\/uploads\/2021\/01\/pira2-300x173.jpg\" alt=\"\" width=\"300\" height=\"173\" srcset=\"http:\/\/vocesver.com\/noticias\/wp-content\/uploads\/2021\/01\/pira2-300x173.jpg 300w, http:\/\/vocesver.com\/noticias\/wp-content\/uploads\/2021\/01\/pira2-768x443.jpg 768w, http:\/\/vocesver.com\/noticias\/wp-content\/uploads\/2021\/01\/pira2-1024x591.jpg 1024w, http:\/\/vocesver.com\/noticias\/wp-content\/uploads\/2021\/01\/pira2.jpg 1080w\" sizes=\"auto, (max-width: 300px) 100vw, 300px\" \/><\/a><a href=\"http:\/\/vocesver.com\/noticias\/wp-content\/uploads\/2021\/01\/pira3.jpg\"><img loading=\"lazy\" decoding=\"async\" class=\"alignnone size-medium wp-image-27655\" src=\"http:\/\/vocesver.com\/noticias\/wp-content\/uploads\/2021\/01\/pira3-300x225.jpg\" alt=\"\" width=\"300\" height=\"225\" srcset=\"http:\/\/vocesver.com\/noticias\/wp-content\/uploads\/2021\/01\/pira3-300x225.jpg 300w, http:\/\/vocesver.com\/noticias\/wp-content\/uploads\/2021\/01\/pira3-768x576.jpg 768w, http:\/\/vocesver.com\/noticias\/wp-content\/uploads\/2021\/01\/pira3-1024x768.jpg 1024w, http:\/\/vocesver.com\/noticias\/wp-content\/uploads\/2021\/01\/pira3.jpg 1080w\" sizes=\"auto, (max-width: 300px) 100vw, 300px\" \/><\/a><\/p>\n<p>\u00b0Integrantes de este equipo, amigos y familiares colocan ofrenda floral en la estatua del Estadio que lleva el nombre de este destacado futbolista.<\/p>\n<p>\u00b0Este equipo fue comandado orgullosamente\u00a0 por Pedro \u00abEl Chino\u00bb Sanoja .<\/p>\n<p>\u00b0Cabe destacar que en esta escuadra deportiva tambi\u00e9n milit\u00f3 el reconocido abogado veracruzano Gilberto Far\u00edas Morales.<\/p>\n<p>AUSENCIO RIVERA\/VOCESVER.COM\/NOTICIAS<\/p>\n<p>Veracruz,Ver\/A 19 de Enero 2021.- La ma\u00f1ana de este martes integrantes del equipo Amateur Veracruzano \u00abFerretera del Sur\u00bb que comandara Pedro \u00abEl Chino\u00bbSanoja rindieron homenaje a Luis de la Fuente y Hoyos \u00abEl Pirata\u00bb al cumplirse\u00a0 el 107 aniversario de su natalicio.<\/p>\n<p>Al acto se sumaron familiares y amigos quienes junto con los integrantes de este equipo colocar\u00f3n una ofrenda floral en la estatua erigida en el estadio de f\u00fatbol que lleva el nombre de este c\u00e9lebre veracruzano por poner muy en alto el nombre de Veracruz y de M\u00e9xico.<\/p>\n<p>Cabe destacar que en este equipo de f\u00fatbol el licenciado Gilberto Far\u00edas Morales\u00a0 milit\u00f3 por muchos a\u00f1os y se manifest\u00f3 muy orgulloso de pertenecer a esta agrupaci\u00f3n deportiva.<\/p>\n<p>Recordemos que esta estatua de bronce\u00a0 fue elabora por el reconocido escultor Bernardo Luis L\u00f3pez Artasanchez a petici\u00f3n del Comit\u00e9 Alma de Pirata que representa en Veracruz el tambi\u00e9n Mtro. DHC Gilberto Far\u00edas Morales.<\/p>\n<p>&nbsp;<\/p>\n<p>&nbsp;<\/p>\n","protected":false},"excerpt":{"rendered":"<p>\u00b0Integrantes de este equipo, amigos y familiares colocan ofrenda floral en la estatua del Estadio que lleva el nombre de<\/p>\n","protected":false},"author":2,"featured_media":27654,"comment_status":"open","ping_status":"open","sticky":false,"template":"","format":"standard","meta":{"colormag_page_container_layout":"default_layout","colormag_page_sidebar_layout":"default_layout","footnotes":""},"categories":[2],"tags":[],"class_list":["post-27652","post","type-post","status-publish","format-standard","has-post-thumbnail","hentry","category-infogral"],"_links":{"self":[{"href":"http:\/\/vocesver.com\/noticias\/wp-json\/wp\/v2\/posts\/27652","targetHints":{"allow":["GET"]}}],"collection":[{"href":"http:\/\/vocesver.com\/noticias\/wp-json\/wp\/v2\/posts"}],"about":[{"href":"http:\/\/vocesver.com\/noticias\/wp-json\/wp\/v2\/types\/post"}],"author":[{"embeddable":true,"href":"http:\/\/vocesver.com\/noticias\/wp-json\/wp\/v2\/users\/2"}],"replies":[{"embeddable":true,"href":"http:\/\/vocesver.com\/noticias\/wp-json\/wp\/v2\/comments?post=27652"}],"version-history":[{"count":5,"href":"http:\/\/vocesver.com\/noticias\/wp-json\/wp\/v2\/posts\/27652\/revisions"}],"predecessor-version":[{"id":27660,"href":"http:\/\/vocesver.com\/noticias\/wp-json\/wp\/v2\/posts\/27652\/revisions\/27660"}],"wp:featuredmedia":[{"embeddable":true,"href":"http:\/\/vocesver.com\/noticias\/wp-json\/wp\/v2\/media\/27654"}],"wp:attachment":[{"href":"http:\/\/vocesver.com\/noticias\/wp-json\/wp\/v2\/media?parent=27652"}],"wp:term":[{"taxonomy":"category","embeddable":true,"href":"http:\/\/vocesver.com\/noticias\/wp-json\/wp\/v2\/categories?post=27652"},{"taxonomy":"post_tag","embeddable":true,"href":"http:\/\/vocesver.com\/noticias\/wp-json\/wp\/v2\/tags?post=27652"}],"curies":[{"name":"wp","href":"https:\/\/api.w.org\/{rel}","templated":true}]}}