{"id":27648,"date":"2021-01-19T16:59:03","date_gmt":"2021-01-19T16:59:03","guid":{"rendered":"http:\/\/vocesver.com\/noticias\/?p=27648"},"modified":"2021-01-19T16:59:31","modified_gmt":"2021-01-19T16:59:31","slug":"joe-bidenquien-es-el-nuevo-presidente-de-los-estados-unidos","status":"publish","type":"post","link":"http:\/\/vocesver.com\/noticias\/joe-bidenquien-es-el-nuevo-presidente-de-los-estados-unidos\/","title":{"rendered":"JOE BIDEN:\u00bfQUIEN ES EL NUEVO PRESIDENTE DE LOS ESTADOS UNIDOS?"},"content":{"rendered":"<p>Joe Biden es el virtual ganador de la presidencia de los Estados Unidos<\/p>\n<p>REDACCI\u00d3N\/VOCESVER.COM\/NOTICIAS<\/p>\n<p><strong><a href=\"https:\/\/www.unotv.com\/internacional\/joe-biden-virtual-presidente-gana-elecciones-de-estados-unidos-2020\/\" target=\"_blank\" rel=\"noreferrer noopener\" aria-label=\"undefined (abre en una nueva pesta\u00f1a)\">INTERNACIONAL.- A\u00a0 18 de Enero 2021.- De acuerdo con informaci\u00f3n de UNOTV\/M\u00c9XICO&#8230;.Joe Biden<\/a><\/strong>\u00a0asumir\u00e1 el cargo de presidente de Estados Unidos este 20 de enero, tras haber resultado ganador en las elecciones de\u00a0<a href=\"https:\/\/www.unotv.com\/internacional\/elecciones-eu-2020-por-que-no-gana-la-presidencia-quien-tiene-mas-votos\/\">Estados Unidos 2020, que se celebraron el pasado 3 de noviembre<\/a>, al superar los 270 votos electorales necesarios para coronarse como el pr\u00f3ximo presidente electo de ese pa\u00eds.<\/p>\n<p>As\u00ed agradeci\u00f3 Baiden a los estadounidenses, tras darse a conocer su victoria:<\/p>\n<p>\u201cAm\u00e9rica, me honra que me haya elegido para dirigir nuestro gran pa\u00eds. El trabajo que tenemos por delante ser\u00e1 arduo, pero les prometo esto: ser\u00e9 un presidente para todos los estadounidenses, ya sea que voten por m\u00ed o no. Mantendr\u00e9 la fe que has depositado en m\u00ed\u201d, escribi\u00f3\u00a0<strong>Joe Biden<\/strong>\u00a0en su cuenta de Twitter.<\/p>\n<h2>\u00bfQui\u00e9n es Joe Biden?<\/h2>\n<figure class=\"wp-block-image size-large\"><img decoding=\"async\" class=\"i-amphtml-fill-content i-amphtml-replaced-content\" src=\"https:\/\/www.unotv.com\/uploads\/2020\/09\/JoeBiden2.jpg\" alt=\"\" \/><\/figure>\n<figure class=\"wp-block-image size-large\"><strong>Joseph Robinette Biden,<\/strong>\u00a0naci\u00f3 en Scranton, Pensilvania, el 20 de noviembre de 1942, estudi\u00f3 Derecho y fue senador y vicepresidente en el gobierno de<a href=\"https:\/\/www.unotv.com\/internacional\/barack-obama-da-apoyo-a-joe-biden-a-100-dias-de-las-elecciones\/\" target=\"_blank\" rel=\"noreferrer noopener\">\u00a0Barack Obama<\/a>\u00a0por dos per\u00edodos consecutivos.<\/figure>\n<p>Su inicio dentro del Senado fue cuando Joe Biden ten\u00eda 29 a\u00f1os, esto lo convierte en una de las\u00a0<strong>personas m\u00e1s j\u00f3venes en ser elegidas al Congreso estadounidense.<\/strong><\/p>\n<p>Entre sus<strong>\u00a0principales aportaciones<\/strong>\u00a0durante el gobierno de Obama fueron:<\/p>\n<ul>\n<li>Particip\u00f3 en la Ley de Recuperaci\u00f3n, el plan de recuperaci\u00f3n econ\u00f3mica m\u00e1s grande en la historia de Estados Unidos.<\/li>\n<li>Apoy\u00f3 la igualdad en el matrimonio para las personas LGBTQ.<\/li>\n<li>Trabaj\u00f3 para la aprobaci\u00f3n de la \u201c<strong>Ley del Cuidado Asequible de la Salud<\/strong>\u201c, que habr\u00e1 reducido en 20 millones la cantidad de estadounidenses sin seguro<\/li>\n<\/ul>\n<p>Obama alguna vez expres\u00f3 de Biden que \u201ces un\u00a0<strong>experto en pol\u00edtica exterior<\/strong>\u00a0cuyo coraz\u00f3n y valores est\u00e1n firmemente arraigados en la clase media\u201d.<\/p>\n<p><strong>Joe<\/strong>\u00a0<strong>Biden\u00a0<\/strong>aspir\u00f3, sin \u00e9xito, a la\u00a0<a href=\"https:\/\/www.unotv.com\/internacional\/democratas-nominan-formalmente-a-joe-biden-como-candidato\/\">candidatura dem\u00f3crata\u00a0<\/a>por la Casa Blanca en 1988 y luego en 2008.<\/p>\n<h2>El duelo por la p\u00e9rdida de su esposa e hijos<\/h2>\n<p>La vida del dem\u00f3crata ha estado marcada por varias tragedias personales:\u00a0<strong>perdi\u00f3 a su primera esposa y una hija peque\u00f1a en un accidente automovil\u00edstico en 1972<\/strong>, en el cual tambi\u00e9n resultan heridos de gravedad sus otros dos hijos.<\/p>\n<p>En 2015,\u00a0<strong>Beau Biden<\/strong>, fiscal general de Delaware e\u00a0<strong>hijo mayor de Joe Biden<\/strong>, fallece despu\u00e9s de luchar contra el\u00a0<strong>c\u00e1ncer cerebral<\/strong>.<\/p>\n<p>La atenci\u00f3n m\u00e9dica es una prioridad para \u00e9l candidato dem\u00f3crata. El cuidado de la salud, dijo\u00a0en uno de sus discursos , es \u201c<strong>personal\u201d para \u00e9l<\/strong>.<\/p>\n<h2>Tres datos curiosos de Biden<\/h2>\n<ul>\n<li>Es el\u00a0<strong>presidente de mayor edad de la historia en su toma de posesi\u00f3n<\/strong>, a los 78 a\u00f1os. Trump, actualmente tiene 73 a\u00f1os.<\/li>\n<li><strong>Biden no trabaja ning\u00fan 18 de diciembre<\/strong>: en honor y recuerdo a su esposa y a su hija, Joe Biden no trabaja durante esa fecha.<\/li>\n<li>Joe Biden ha publicado\u00a0<strong>dos memorias<\/strong>.<\/li>\n<\/ul>\n<h2>Propuestas de Biden que podr\u00edan impactar en la vida de los mexicanos<\/h2>\n<p>El dem\u00f3crata prometi\u00f3 que<strong>\u00a0frenar\u00eda en los primeros 100 d\u00edas de su gobierno diferentes pol\u00edticas migratorias impuestas por el presidente Donald Trump<\/strong>, las cuales seg\u00fan Biden, han creado \u201cuna crisis humanitaria\u201d en la frontera con M\u00e9xico.<\/p>\n<h3>Propuestas de Joe Biden relacionadas con la migraci\u00f3n:<\/h3>\n<ul>\n<li><strong>Acabar con la separaci\u00f3n de las familias<\/strong>\u00a0y priorizar la reunificaci\u00f3n de los ni\u00f1os que a\u00fan est\u00e9n separados.<\/li>\n<li><strong>Restablecer el programa DACA<\/strong>, o tambi\u00e9n<a href=\"https:\/\/www.unotv.com\/noticias\/portal\/internacional\/detalle\/daca-que-es-y-por-que-trump-lo-ha-querido-desaparecer-831415\/\" target=\"_blank\" rel=\"noreferrer noopener\">\u00a0conocido como \u201cdreamers\u201d<\/a>.<\/li>\n<li><strong>Rescindir prohibiciones de viaje<\/strong>\u00a0a distintos pa\u00edses, a los cuales Trump impuso vetos migratorios.<\/li>\n<li><strong>Reanudar<\/strong>\u00a0<strong>las pol\u00edticas de asilo<\/strong>.<\/li>\n<\/ul>\n<h2>\u00bfLe conviene a M\u00e9xico que Joe Biden llegara a la Casa Blanca?<\/h2>\n<p>Expertos coinciden que\u00a0<a href=\"https:\/\/www.unotv.com\/internacional\/biden-vs-trump-quien-le-conviene-mas-a-mexico-en-temas-de-migracion\/\" target=\"_blank\" rel=\"noreferrer noopener\" aria-label=\"undefined (abre en una nueva pesta\u00f1a)\">Joe Biden puede ayudar al pa\u00eds en distintos rubros<\/a>\u00a0y uno de ellos es la situaci\u00f3n de millones de mexicanos que se encuentran de forma ilegal en Estados Unidos.<\/p>\n<p>La doctora\u00a0<strong>Leticia Calder\u00f3n Chelius<\/strong>, profesora e investigadora del Instituto Mora, opina que\u00a0<strong>si hay un cambio en la presidencia de Estados Unidos va a ser un \u201calivio\u201d para M\u00e9xico<\/strong>.<\/p>\n<blockquote class=\"wp-block-quote\"><p>\u201c<strong>Va a ser algo positivo<\/strong>, creo que va a ver canales de negociaci\u00f3n muy distintos\u201d, dice la investigadora.<\/p><\/blockquote>\n<p>Por su parte, la doctora\u00a0<strong>Catalina P\u00e9rez Correa<\/strong>, profesora e investigadora del Centro de Investigaci\u00f3n y Docencia Econ\u00f3micas (CIDE), coincide con la especialista en temas de migraci\u00f3n.<\/p>\n<p><strong>\u201cHay promesas prometedoras de lado de Biden, hay propuestas de trabajo en el tema de migraci\u00f3n, en el control de armas, en las pol\u00edticas de drogas y en la relaci\u00f3n bilateral\u201d<\/strong>.<\/p>\n<p>INF. DE UNOTV\/M\u00c9XICO,,,,,,<\/p>\n","protected":false},"excerpt":{"rendered":"<p>Joe Biden es el virtual ganador de la presidencia de los Estados Unidos REDACCI\u00d3N\/VOCESVER.COM\/NOTICIAS INTERNACIONAL.- A\u00a0 18 de Enero 2021.-<\/p>\n","protected":false},"author":2,"featured_media":27649,"comment_status":"open","ping_status":"open","sticky":false,"template":"","format":"standard","meta":{"colormag_page_container_layout":"default_layout","colormag_page_sidebar_layout":"default_layout","footnotes":""},"categories":[6],"tags":[],"class_list":["post-27648","post","type-post","status-publish","format-standard","has-post-thumbnail","hentry","category-internacional"],"_links":{"self":[{"href":"http:\/\/vocesver.com\/noticias\/wp-json\/wp\/v2\/posts\/27648","targetHints":{"allow":["GET"]}}],"collection":[{"href":"http:\/\/vocesver.com\/noticias\/wp-json\/wp\/v2\/posts"}],"about":[{"href":"http:\/\/vocesver.com\/noticias\/wp-json\/wp\/v2\/types\/post"}],"author":[{"embeddable":true,"href":"http:\/\/vocesver.com\/noticias\/wp-json\/wp\/v2\/users\/2"}],"replies":[{"embeddable":true,"href":"http:\/\/vocesver.com\/noticias\/wp-json\/wp\/v2\/comments?post=27648"}],"version-history":[{"count":2,"href":"http:\/\/vocesver.com\/noticias\/wp-json\/wp\/v2\/posts\/27648\/revisions"}],"predecessor-version":[{"id":27651,"href":"http:\/\/vocesver.com\/noticias\/wp-json\/wp\/v2\/posts\/27648\/revisions\/27651"}],"wp:featuredmedia":[{"embeddable":true,"href":"http:\/\/vocesver.com\/noticias\/wp-json\/wp\/v2\/media\/27649"}],"wp:attachment":[{"href":"http:\/\/vocesver.com\/noticias\/wp-json\/wp\/v2\/media?parent=27648"}],"wp:term":[{"taxonomy":"category","embeddable":true,"href":"http:\/\/vocesver.com\/noticias\/wp-json\/wp\/v2\/categories?post=27648"},{"taxonomy":"post_tag","embeddable":true,"href":"http:\/\/vocesver.com\/noticias\/wp-json\/wp\/v2\/tags?post=27648"}],"curies":[{"name":"wp","href":"https:\/\/api.w.org\/{rel}","templated":true}]}}